{"id":1057,"date":"2019-07-23T15:24:30","date_gmt":"2019-07-23T13:24:30","guid":{"rendered":"https:\/\/jardinsamoena.be\/?p=1057"},"modified":"2019-07-23T18:06:55","modified_gmt":"2019-07-23T16:06:55","slug":"mais-ou-est-ce","status":"publish","type":"post","link":"https:\/\/jardinsamoena.be\/index.php\/2019\/07\/23\/mais-ou-est-ce\/","title":{"rendered":"Mais o\u00f9 est-ce ?"},"content":{"rendered":"\n<p class=\"has-text-color has-large-font-size has-vivid-green-cyan-color\"><strong>MAIS O\u00d9 EST-CE ?<\/strong><\/p>\n\n\n\n<figure class=\"wp-block-image\"><img loading=\"lazy\" decoding=\"async\" width=\"1024\" height=\"768\" src=\"https:\/\/jardinsamoena.be\/wp-content\/uploads\/2019\/07\/IMG_1149-1024x768.jpg\" alt=\"\" class=\"wp-image-1076\" srcset=\"https:\/\/jardinsamoena.be\/wp-content\/uploads\/2019\/07\/IMG_1149-1024x768.jpg 1024w, https:\/\/jardinsamoena.be\/wp-content\/uploads\/2019\/07\/IMG_1149-300x225.jpg 300w, https:\/\/jardinsamoena.be\/wp-content\/uploads\/2019\/07\/IMG_1149-768x576.jpg 768w, https:\/\/jardinsamoena.be\/wp-content\/uploads\/2019\/07\/IMG_1149-400x300.jpg 400w, https:\/\/jardinsamoena.be\/wp-content\/uploads\/2019\/07\/IMG_1149.jpg 1440w\" sizes=\"auto, (max-width: 1024px) 100vw, 1024px\" \/><\/figure>\n\n\n\n<figure class=\"wp-block-image\"><img loading=\"lazy\" decoding=\"async\" width=\"1024\" height=\"768\" src=\"https:\/\/jardinsamoena.be\/wp-content\/uploads\/2019\/07\/IMG_1148-1024x768.jpg\" alt=\"\" class=\"wp-image-1074\" srcset=\"https:\/\/jardinsamoena.be\/wp-content\/uploads\/2019\/07\/IMG_1148-1024x768.jpg 1024w, https:\/\/jardinsamoena.be\/wp-content\/uploads\/2019\/07\/IMG_1148-300x225.jpg 300w, https:\/\/jardinsamoena.be\/wp-content\/uploads\/2019\/07\/IMG_1148-768x576.jpg 768w, https:\/\/jardinsamoena.be\/wp-content\/uploads\/2019\/07\/IMG_1148-400x300.jpg 400w, https:\/\/jardinsamoena.be\/wp-content\/uploads\/2019\/07\/IMG_1148.jpg 2000w\" sizes=\"auto, (max-width: 1024px) 100vw, 1024px\" \/><\/figure>\n\n\n\n<p>A) Sur une \u00eele paradisiaque de la mer int\u00e9rieure au Japon o\u00f9 un rocher devient divinit\u00e9 du shint\u00f4.<\/p>\n\n\n\n<p>B) A Ostende, apr\u00e8s avoir ras\u00e9 les pourtant si jolis appartements de b\u00e9ton qui parent la longue promenade enchanteresse et ses kwistax (pour ceux qui auraient rat\u00e9 leur examen de &#8216;Jan en Piet gaan naar het station&#8217; je signale que c&#8217;est l&#8217;\u00e9quivalent du cuistax fran\u00e7ais mais je trouve que l&#8217;orthographe francophone pr\u00eate \u00e0 confusion avec une utopique taxe pour les vacanciers en short qui montrent un peu trop leurs guibolles).<\/p>\n\n\n\n<p>C) La plage d&#8217;Abu Dhabi avant le passage du tr\u00e8s sympathique Jean Nouvel.<\/p>\n\n\n\n<p>Tic tac, tic tac, tic tac. Termin\u00e9, remettez les copies. Eh bien je suis d\u00e9sol\u00e9 mais il fallait choisir la r\u00e9ponse D) une plage des Cornouailles d&#8217;o\u00f9 nous revenons enchant\u00e9s d&#8217;avoir visit\u00e9 de r\u00e9elles merveilles.<\/p>\n\n\n\n<figure class=\"wp-block-image\"><img loading=\"lazy\" decoding=\"async\" width=\"1024\" height=\"768\" src=\"https:\/\/jardinsamoena.be\/wp-content\/uploads\/2019\/07\/IMG_1147-1024x768.jpg\" alt=\"\" class=\"wp-image-1062\" srcset=\"https:\/\/jardinsamoena.be\/wp-content\/uploads\/2019\/07\/IMG_1147-1024x768.jpg 1024w, https:\/\/jardinsamoena.be\/wp-content\/uploads\/2019\/07\/IMG_1147-300x225.jpg 300w, https:\/\/jardinsamoena.be\/wp-content\/uploads\/2019\/07\/IMG_1147-768x576.jpg 768w, https:\/\/jardinsamoena.be\/wp-content\/uploads\/2019\/07\/IMG_1147-400x300.jpg 400w, https:\/\/jardinsamoena.be\/wp-content\/uploads\/2019\/07\/IMG_1147.jpg 1500w\" sizes=\"auto, (max-width: 1024px) 100vw, 1024px\" \/><figcaption>Quand il fait beau et chaud et que les bruy\u00e8res s&#8217;\u00e9panouissent.<br><br><br><\/figcaption><\/figure>\n\n\n\n<figure class=\"wp-block-image\"><img loading=\"lazy\" decoding=\"async\" width=\"1024\" height=\"768\" src=\"https:\/\/jardinsamoena.be\/wp-content\/uploads\/2019\/07\/IMG_0147-1024x768.jpg\" alt=\"\" class=\"wp-image-1063\" srcset=\"https:\/\/jardinsamoena.be\/wp-content\/uploads\/2019\/07\/IMG_0147-1024x768.jpg 1024w, https:\/\/jardinsamoena.be\/wp-content\/uploads\/2019\/07\/IMG_0147-300x225.jpg 300w, https:\/\/jardinsamoena.be\/wp-content\/uploads\/2019\/07\/IMG_0147-768x576.jpg 768w, https:\/\/jardinsamoena.be\/wp-content\/uploads\/2019\/07\/IMG_0147-400x300.jpg 400w, https:\/\/jardinsamoena.be\/wp-content\/uploads\/2019\/07\/IMG_0147.jpg 1500w\" sizes=\"auto, (max-width: 1024px) 100vw, 1024px\" \/><figcaption>Anthemis \u00e0 gogo dans les prairies fleuries.<br><br><\/figcaption><\/figure>\n\n\n\n<figure class=\"wp-block-image\"><img loading=\"lazy\" decoding=\"async\" width=\"1024\" height=\"768\" src=\"https:\/\/jardinsamoena.be\/wp-content\/uploads\/2019\/07\/IMG_0150-1024x768.jpg\" alt=\"\" class=\"wp-image-1064\" srcset=\"https:\/\/jardinsamoena.be\/wp-content\/uploads\/2019\/07\/IMG_0150-1024x768.jpg 1024w, https:\/\/jardinsamoena.be\/wp-content\/uploads\/2019\/07\/IMG_0150-300x225.jpg 300w, https:\/\/jardinsamoena.be\/wp-content\/uploads\/2019\/07\/IMG_0150-768x576.jpg 768w, https:\/\/jardinsamoena.be\/wp-content\/uploads\/2019\/07\/IMG_0150-400x300.jpg 400w, https:\/\/jardinsamoena.be\/wp-content\/uploads\/2019\/07\/IMG_0150.jpg 1500w\" sizes=\"auto, (max-width: 1024px) 100vw, 1024px\" \/><figcaption>De quoi se perdre dans le labyrinthe en <em>Prunus laurocerasus<\/em> \u00e0 Glendurgan<br><br><\/figcaption><\/figure>\n\n\n\n<figure class=\"wp-block-image\"><img loading=\"lazy\" decoding=\"async\" width=\"1024\" height=\"683\" src=\"https:\/\/jardinsamoena.be\/wp-content\/uploads\/2019\/07\/DSC_9558-1024x683.jpg\" alt=\"\" class=\"wp-image-1066\" srcset=\"https:\/\/jardinsamoena.be\/wp-content\/uploads\/2019\/07\/DSC_9558-1024x683.jpg 1024w, https:\/\/jardinsamoena.be\/wp-content\/uploads\/2019\/07\/DSC_9558-300x200.jpg 300w, https:\/\/jardinsamoena.be\/wp-content\/uploads\/2019\/07\/DSC_9558-768x512.jpg 768w, https:\/\/jardinsamoena.be\/wp-content\/uploads\/2019\/07\/DSC_9558-450x300.jpg 450w, https:\/\/jardinsamoena.be\/wp-content\/uploads\/2019\/07\/DSC_9558.jpg 1620w\" sizes=\"auto, (max-width: 1024px) 100vw, 1024px\" \/><figcaption>le meilleur de Gertrude Jekyll<\/figcaption><\/figure>\n\n\n\n<figure class=\"wp-block-image\"><img loading=\"lazy\" decoding=\"async\" width=\"1024\" height=\"683\" src=\"https:\/\/jardinsamoena.be\/wp-content\/uploads\/2019\/07\/DSC_9872-1024x683.jpg\" alt=\"\" class=\"wp-image-1067\" srcset=\"https:\/\/jardinsamoena.be\/wp-content\/uploads\/2019\/07\/DSC_9872-1024x683.jpg 1024w, https:\/\/jardinsamoena.be\/wp-content\/uploads\/2019\/07\/DSC_9872-300x200.jpg 300w, https:\/\/jardinsamoena.be\/wp-content\/uploads\/2019\/07\/DSC_9872-768x512.jpg 768w, https:\/\/jardinsamoena.be\/wp-content\/uploads\/2019\/07\/DSC_9872-450x300.jpg 450w, https:\/\/jardinsamoena.be\/wp-content\/uploads\/2019\/07\/DSC_9872.jpg 1620w\" sizes=\"auto, (max-width: 1024px) 100vw, 1024px\" \/><figcaption>le meilleur de Piet Oudolf selon nous<\/figcaption><\/figure>\n\n\n\n<figure class=\"wp-block-image\"><img loading=\"lazy\" decoding=\"async\" width=\"1024\" height=\"683\" src=\"https:\/\/jardinsamoena.be\/wp-content\/uploads\/2019\/07\/DSC_9891-1024x683.jpg\" alt=\"\" class=\"wp-image-1068\" srcset=\"https:\/\/jardinsamoena.be\/wp-content\/uploads\/2019\/07\/DSC_9891-1024x683.jpg 1024w, https:\/\/jardinsamoena.be\/wp-content\/uploads\/2019\/07\/DSC_9891-300x200.jpg 300w, https:\/\/jardinsamoena.be\/wp-content\/uploads\/2019\/07\/DSC_9891-768x512.jpg 768w, https:\/\/jardinsamoena.be\/wp-content\/uploads\/2019\/07\/DSC_9891-450x300.jpg 450w, https:\/\/jardinsamoena.be\/wp-content\/uploads\/2019\/07\/DSC_9891.jpg 1620w\" sizes=\"auto, (max-width: 1024px) 100vw, 1024px\" \/><figcaption><em>Echinacea pallida<\/em> bien plus a\u00e9riennes que les purpurea.<\/figcaption><\/figure>\n\n\n\n<figure class=\"wp-block-image\"><img loading=\"lazy\" decoding=\"async\" width=\"1024\" height=\"683\" src=\"https:\/\/jardinsamoena.be\/wp-content\/uploads\/2019\/07\/DSC_9762-1024x683.jpg\" alt=\"\" class=\"wp-image-1069\" srcset=\"https:\/\/jardinsamoena.be\/wp-content\/uploads\/2019\/07\/DSC_9762-1024x683.jpg 1024w, https:\/\/jardinsamoena.be\/wp-content\/uploads\/2019\/07\/DSC_9762-300x200.jpg 300w, https:\/\/jardinsamoena.be\/wp-content\/uploads\/2019\/07\/DSC_9762-768x512.jpg 768w, https:\/\/jardinsamoena.be\/wp-content\/uploads\/2019\/07\/DSC_9762-450x300.jpg 450w, https:\/\/jardinsamoena.be\/wp-content\/uploads\/2019\/07\/DSC_9762.jpg 1620w\" sizes=\"auto, (max-width: 1024px) 100vw, 1024px\" \/><figcaption>des plantations sud-africaines <\/figcaption><\/figure>\n\n\n\n<figure class=\"wp-block-image\"><img loading=\"lazy\" decoding=\"async\" width=\"1024\" height=\"683\" src=\"https:\/\/jardinsamoena.be\/wp-content\/uploads\/2019\/07\/DSC_9700-1024x683.jpg\" alt=\"\" class=\"wp-image-1070\" srcset=\"https:\/\/jardinsamoena.be\/wp-content\/uploads\/2019\/07\/DSC_9700-1024x683.jpg 1024w, https:\/\/jardinsamoena.be\/wp-content\/uploads\/2019\/07\/DSC_9700-300x200.jpg 300w, https:\/\/jardinsamoena.be\/wp-content\/uploads\/2019\/07\/DSC_9700-768x512.jpg 768w, https:\/\/jardinsamoena.be\/wp-content\/uploads\/2019\/07\/DSC_9700-450x300.jpg 450w, https:\/\/jardinsamoena.be\/wp-content\/uploads\/2019\/07\/DSC_9700.jpg 1620w\" sizes=\"auto, (max-width: 1024px) 100vw, 1024px\" \/><figcaption>la seule plantation de th\u00e9 en Grande-Bretagne qui produit son propre th\u00e9 <br>\u00e0 50 euros les 11 grammes&#8230;<\/figcaption><\/figure>\n\n\n\n<figure class=\"wp-block-image\"><img loading=\"lazy\" decoding=\"async\" width=\"683\" height=\"1024\" src=\"https:\/\/jardinsamoena.be\/wp-content\/uploads\/2019\/07\/DSC_9669-683x1024.jpg\" alt=\"\" class=\"wp-image-1071\" srcset=\"https:\/\/jardinsamoena.be\/wp-content\/uploads\/2019\/07\/DSC_9669-683x1024.jpg 683w, https:\/\/jardinsamoena.be\/wp-content\/uploads\/2019\/07\/DSC_9669-200x300.jpg 200w, https:\/\/jardinsamoena.be\/wp-content\/uploads\/2019\/07\/DSC_9669.jpg 720w\" sizes=\"auto, (max-width: 683px) 100vw, 683px\" \/><figcaption>&#8230;et o\u00f9 l&#8217;on trouve le plus grand ch\u00eane li\u00e8ge qu&#8217;on ait jamais vu.<br><\/figcaption><\/figure>\n\n\n\n<figure class=\"wp-block-image\"><img loading=\"lazy\" decoding=\"async\" width=\"1024\" height=\"683\" src=\"https:\/\/jardinsamoena.be\/wp-content\/uploads\/2019\/07\/DSC_9645-1024x683.jpg\" alt=\"\" class=\"wp-image-1072\" srcset=\"https:\/\/jardinsamoena.be\/wp-content\/uploads\/2019\/07\/DSC_9645-1024x683.jpg 1024w, https:\/\/jardinsamoena.be\/wp-content\/uploads\/2019\/07\/DSC_9645-300x200.jpg 300w, https:\/\/jardinsamoena.be\/wp-content\/uploads\/2019\/07\/DSC_9645-768x512.jpg 768w, https:\/\/jardinsamoena.be\/wp-content\/uploads\/2019\/07\/DSC_9645-450x300.jpg 450w, https:\/\/jardinsamoena.be\/wp-content\/uploads\/2019\/07\/DSC_9645.jpg 1620w\" sizes=\"auto, (max-width: 1024px) 100vw, 1024px\" \/><figcaption>l&#8217;un des plus beaux jardins naturels chez Keith Wiley<\/figcaption><\/figure>\n\n\n\n<p><br><\/p>\n","protected":false},"excerpt":{"rendered":"<p>MAIS O\u00d9 EST-CE ? A) Sur une \u00eele paradisiaque de la mer int\u00e9rieure au Japon o\u00f9 un rocher devient divinit\u00e9 du shint\u00f4. B) A Ostende, apr\u00e8s avoir ras\u00e9 les pourtant si jolis appartements de b\u00e9ton qui parent la longue promenade enchanteresse et ses kwistax (pour ceux qui auraient rat\u00e9 leur examen de &#8216;Jan en Piet [&hellip;]<\/p>\n","protected":false},"author":3,"featured_media":1074,"comment_status":"open","ping_status":"closed","sticky":false,"template":"","format":"standard","meta":{"jetpack_post_was_ever_published":false,"_jetpack_newsletter_access":"","_jetpack_dont_email_post_to_subs":false,"_jetpack_newsletter_tier_id":0,"_jetpack_memberships_contains_paywalled_content":false,"_jetpack_memberships_contains_paid_content":false,"footnotes":"","jetpack_publicize_message":"","jetpack_publicize_feature_enabled":true,"jetpack_social_post_already_shared":true,"jetpack_social_options":{"image_generator_settings":{"template":"highway","default_image_id":0,"font":"","enabled":false},"version":2}},"categories":[11],"tags":[],"class_list":["post-1057","post","type-post","status-publish","format-standard","has-post-thumbnail","hentry","category-blog"],"jetpack_publicize_connections":[],"jetpack_featured_media_url":"https:\/\/jardinsamoena.be\/wp-content\/uploads\/2019\/07\/IMG_1148.jpg","jetpack_sharing_enabled":true,"jetpack_shortlink":"https:\/\/wp.me\/paOiNJ-h3","_links":{"self":[{"href":"https:\/\/jardinsamoena.be\/index.php\/wp-json\/wp\/v2\/posts\/1057","targetHints":{"allow":["GET"]}}],"collection":[{"href":"https:\/\/jardinsamoena.be\/index.php\/wp-json\/wp\/v2\/posts"}],"about":[{"href":"https:\/\/jardinsamoena.be\/index.php\/wp-json\/wp\/v2\/types\/post"}],"author":[{"embeddable":true,"href":"https:\/\/jardinsamoena.be\/index.php\/wp-json\/wp\/v2\/users\/3"}],"replies":[{"embeddable":true,"href":"https:\/\/jardinsamoena.be\/index.php\/wp-json\/wp\/v2\/comments?post=1057"}],"version-history":[{"count":7,"href":"https:\/\/jardinsamoena.be\/index.php\/wp-json\/wp\/v2\/posts\/1057\/revisions"}],"predecessor-version":[{"id":1078,"href":"https:\/\/jardinsamoena.be\/index.php\/wp-json\/wp\/v2\/posts\/1057\/revisions\/1078"}],"wp:featuredmedia":[{"embeddable":true,"href":"https:\/\/jardinsamoena.be\/index.php\/wp-json\/wp\/v2\/media\/1074"}],"wp:attachment":[{"href":"https:\/\/jardinsamoena.be\/index.php\/wp-json\/wp\/v2\/media?parent=1057"}],"wp:term":[{"taxonomy":"category","embeddable":true,"href":"https:\/\/jardinsamoena.be\/index.php\/wp-json\/wp\/v2\/categories?post=1057"},{"taxonomy":"post_tag","embeddable":true,"href":"https:\/\/jardinsamoena.be\/index.php\/wp-json\/wp\/v2\/tags?post=1057"}],"curies":[{"name":"wp","href":"https:\/\/api.w.org\/{rel}","templated":true}]}}