{"id":1080,"date":"2019-07-26T11:10:54","date_gmt":"2019-07-26T09:10:54","guid":{"rendered":"https:\/\/jardinsamoena.be\/?p=1080"},"modified":"2019-07-26T11:10:54","modified_gmt":"2019-07-26T09:10:54","slug":"comment-faire-pour-ne-pas-detester-les-echinacea","status":"publish","type":"post","link":"https:\/\/jardinsamoena.be\/index.php\/2019\/07\/26\/comment-faire-pour-ne-pas-detester-les-echinacea\/","title":{"rendered":"Comment faire pour ne pas d\u00e9tester les Echinacea ?"},"content":{"rendered":"\n<p class=\"has-text-color has-large-font-size has-vivid-green-cyan-color\"><strong>Comment faire pour ne pas d\u00e9tester les Echinacea ?<\/strong><\/p>\n\n\n\n<figure class=\"wp-block-image\"><img loading=\"lazy\" decoding=\"async\" width=\"1024\" height=\"582\" src=\"https:\/\/jardinsamoena.be\/wp-content\/uploads\/2019\/07\/IMG_1168-1024x582.jpg\" alt=\"\" class=\"wp-image-1087\" srcset=\"https:\/\/jardinsamoena.be\/wp-content\/uploads\/2019\/07\/IMG_1168-1024x582.jpg 1024w, https:\/\/jardinsamoena.be\/wp-content\/uploads\/2019\/07\/IMG_1168-300x170.jpg 300w, https:\/\/jardinsamoena.be\/wp-content\/uploads\/2019\/07\/IMG_1168-768x436.jpg 768w, https:\/\/jardinsamoena.be\/wp-content\/uploads\/2019\/07\/IMG_1168-528x300.jpg 528w, https:\/\/jardinsamoena.be\/wp-content\/uploads\/2019\/07\/IMG_1168.jpg 1901w\" sizes=\"auto, (max-width: 1024px) 100vw, 1024px\" \/><\/figure>\n\n\n\n<p>Apr\u00e8s la folie pour les Echinacea ces dix derni\u00e8res ann\u00e9es, la plupart d&#8217;entre vous d\u00e9chante et finit pas ne plus en planter. Parfois \u00e7\u00e0 vivote, pousse chichement pour dispara\u00eetre trois ans plus tard au mieux. Parfois c&#8217;est pire encore et les nouvelles plantes ne reviennent pas l&#8217;ann\u00e9e suivante.<\/p>\n\n\n\n<p>Tout allait bien avec les fleurs roses et blanches jusqu&#8217;au jour o\u00f9 les Am\u00e9ricains et les Hollandais se sont mis \u00e0 les croiser par centaines pour introduire du jaune et de l&#8217;orange, rel\u00e9gu\u00e9s chez nous pas des passionn\u00e9s comme Thierry Delabroye qui pourtant aujourd&#8217;hui ne veut plus en entendre parler. Mais qui faut-il vraiment bl\u00e2mer ? Ceux qui hybrident les plantes \u00e0 tort et \u00e0 travers ? Sans doute, mais pas seulement.<\/p>\n\n\n\n<p>Et si le ver \u00e9tait dans le fruit d\u00e8s le d\u00e9part ? Et si les &#8216;manipulations&#8217; forcen\u00e9es n&#8217;\u00e9taient pas les seules coupables ? Ce qu&#8217;on ne vous a jamais dit (\u00e7\u00e0 c&#8217;est <strong>LE<\/strong> scoop du si\u00e8cle), c&#8217;est <strong>COMMENT<\/strong> une Echinacea se d\u00e9veloppe. Les vivaces de courte dur\u00e9e de vie ont un collet \u00e0 la base de la plante qui s\u00e9pare la tige florale des racines mais celles-ci restent en place et n&#8217;\u00e9tendent pas. Une VRAIE vivace ne se comporte pas de la m\u00eame mani\u00e8re. De la base au niveau du sol, des nombres petites racines se d\u00e9veloppent rapidement et partent explorer le sol. L&#8217;Echinacea est \u00e0 mi-chemin entre les deux. Faites l&#8217;exp\u00e9rience et regardez \u00e0 la base de la tige dans le pot. Il y a bien quelques radicelles un peu chiches mais qui n&#8217;ancrent pas bien la tige dans le pot et semblent ne pas vouloir vraiment s&#8217;\u00e9tendre. Si vous plantez cette Echinacea \u00e0 l&#8217;automne (tout simplement parce que c&#8217;est le moment o\u00f9 elle est parfaite \u00e0 la f\u00eate des plantes ou en p\u00e9pini\u00e8re), le peu de racines finit par pourrir durant l&#8217;hiver trop humide. N&#8217;oubliez pas que dans son Am\u00e9rique d&#8217;origine, elle part dormir pour supporter les -20\u00b0C habituels alors que chez nous les hivers sont trop &#8216;doux&#8217; et ne lui laisse pas de vrai repos. Bye Bye. Rem\u00e8de : <strong>ACHETER UN GROS POT ET NE PLANTER QU&#8217;AU PRINTEMPS EN SOL DRAINANT. NE METTEZ PAS DE MULCH ! NE TRANSPLANTEZ JAMAIS !<\/strong><\/p>\n\n\n\n<figure class=\"wp-block-image\"><img loading=\"lazy\" decoding=\"async\" width=\"768\" height=\"1024\" src=\"https:\/\/jardinsamoena.be\/wp-content\/uploads\/2019\/07\/IMG_1167-768x1024.jpg\" alt=\"\" class=\"wp-image-1088\" srcset=\"https:\/\/jardinsamoena.be\/wp-content\/uploads\/2019\/07\/IMG_1167-768x1024.jpg 768w, https:\/\/jardinsamoena.be\/wp-content\/uploads\/2019\/07\/IMG_1167-225x300.jpg 225w, https:\/\/jardinsamoena.be\/wp-content\/uploads\/2019\/07\/IMG_1167.jpg 810w\" sizes=\"auto, (max-width: 768px) 100vw, 768px\" \/><figcaption>Echinacea &#8216;Eccentric&#8217;, fabuleuse quand le soleil la d\u00e9lave et r\u00e9v\u00e8le sa composante orange.<\/figcaption><\/figure>\n\n\n\n<p>Autre tip : <strong>Le g\u00e8ne de la couleur JAUNE vient de Echinacea pallida qui ne supporte pas l&#8217;humidit\u00e9<\/strong> m\u00eame en \u00e9t\u00e9 (prairie s\u00e8che). Et c&#8217;est l\u00e0 qu&#8217;il faut bl\u00e2mer les hybrideurs qui l&#8217;utilisent \u00e0 vos d\u00e9pens si vous n&#8217;avez pas de jardin drain\u00e9. Vous savez ce qu&#8217;il vous reste \u00e0 faire.<\/p>\n\n\n\n<p>Une autre raison de leur disparition, mais qui d\u00e9coule de ce que je viens de dire, est une relative intol\u00e9rance \u00e0 la concurrence. Et vous, que faites-vous ? Sit\u00f4t sortie du pot, vous la fourrez au beau milieu d&#8217;un imbroglio de plantouilles qui vont rapidement n&#8217;en faire qu&#8217;une bouch\u00e9e. Chronique d&#8217;une mort annonc\u00e9e. Rem\u00e8de : <strong>PLANTER PLUSIEURS SUJETS C\u00d4TE \u00c0 C\u00d4TE<\/strong> et pas trop proches des Schwarzenegger voisins.<\/p>\n\n\n\n<p><div>Mais quoi que vous pensiez, sachez qu&#8217;une Echinacea ne vit pas longtemps, environ cinq ans, m\u00eame pour la &#8216;meilleure&#8217;. Si elle se pla\u00eet, du moins les traditionnelles, elle se ress\u00e8mera parfois abondamment en sol drain\u00e9 ce qui est bien le signe d&#8217;une courte vie.<\/div><\/p>\n\n\n\n<figure class=\"wp-block-image\"><img loading=\"lazy\" decoding=\"async\" width=\"768\" height=\"1024\" src=\"https:\/\/jardinsamoena.be\/wp-content\/uploads\/2019\/07\/IMG_1166-768x1024.jpg\" alt=\"\" class=\"wp-image-1089\" srcset=\"https:\/\/jardinsamoena.be\/wp-content\/uploads\/2019\/07\/IMG_1166-768x1024.jpg 768w, https:\/\/jardinsamoena.be\/wp-content\/uploads\/2019\/07\/IMG_1166-225x300.jpg 225w, https:\/\/jardinsamoena.be\/wp-content\/uploads\/2019\/07\/IMG_1166.jpg 810w\" sizes=\"auto, (max-width: 768px) 100vw, 768px\" \/><figcaption>E. &#8216;Eccentric&#8217; en compagnie de Kniphofia au jardin<\/figcaption><\/figure>\n\n\n\n<p>Si vous doutez, pr\u00e9f\u00e9rez les vieux cultivars que le temps a test\u00e9 comme &#8216;Rubinstern&#8217;, &#8216;Rubinglow&#8217;, &#8216;Magnus&#8217;,&#8230; (rose) \/ &#8216;Alba&#8217; (blanc). Ce sont toutes des <em>E. purpurea<\/em>.<\/p>\n\n\n\n<p>Etonnamment &#8216;Coconut Lime&#8217; (blanc \u00e0 pompon jaune) r\u00e9siste tr\u00e8s bien.<\/p>\n\n\n\n<p>Dans notre jardin, tout aussi \u00e9trange,  &#8216;Eccentric&#8217; rouge est revenue trois \u00e9t\u00e9s, se d\u00e9veloppe tr\u00e8s bien et fleurit \u00e0 profusion. C&#8217;est la raison pour laquelle c&#8217;est elle qui illustre cet article. Et si vous voulez me voir la pr\u00e9senter avec mon beau short (un suspense insoutenable) ce sera pour la saison prochaine dans Jardins &amp; Loisirs.<\/p>\n\n\n\n<figure class=\"wp-block-image\"><img loading=\"lazy\" decoding=\"async\" width=\"1024\" height=\"768\" src=\"https:\/\/jardinsamoena.be\/wp-content\/uploads\/2019\/07\/IMG_1165-1024x768.jpg\" alt=\"\" class=\"wp-image-1090\" srcset=\"https:\/\/jardinsamoena.be\/wp-content\/uploads\/2019\/07\/IMG_1165-1024x768.jpg 1024w, https:\/\/jardinsamoena.be\/wp-content\/uploads\/2019\/07\/IMG_1165-300x225.jpg 300w, https:\/\/jardinsamoena.be\/wp-content\/uploads\/2019\/07\/IMG_1165-768x576.jpg 768w, https:\/\/jardinsamoena.be\/wp-content\/uploads\/2019\/07\/IMG_1165-400x300.jpg 400w, https:\/\/jardinsamoena.be\/wp-content\/uploads\/2019\/07\/IMG_1165.jpg 1440w\" sizes=\"auto, (max-width: 1024px) 100vw, 1024px\" \/><figcaption>Echinacea : pas de concurrence forcen\u00e9e et un sol riche mais TRES bien drain\u00e9. Ici nous utilisons de la lave et la plante est sur\u00e9lev\u00e9e par rapport au sentier, en compagnie encore du meilleur Kniphofia de l&#8217;univers : &#8216;Moonstone&#8217;<\/figcaption><\/figure>\n\n\n\n<p>La Royal Horticultural Society est en train de tester des dizaines d&#8217;esp\u00e8ces et cultivars pendant trois ann\u00e9es cons\u00e9cutives et d\u00e9cernera ses &#8216;m\u00e9dailles&#8217; l&#8217;ann\u00e9e prochaine. Une affaire \u00e0 suivre&#8230;<\/p>\n\n\n\n<p><\/p>\n\n\n\n<p><\/p>\n\n\n\n<p><\/p>\n\n\n\n<p><\/p>\n\n\n\n<p><br><\/p>\n","protected":false},"excerpt":{"rendered":"<p>Comment faire pour ne pas d\u00e9tester les Echinacea ? Apr\u00e8s la folie pour les Echinacea ces dix derni\u00e8res ann\u00e9es, la plupart d&#8217;entre vous d\u00e9chante et finit pas ne plus en planter. Parfois \u00e7\u00e0 vivote, pousse chichement pour dispara\u00eetre trois ans plus tard au mieux. Parfois c&#8217;est pire encore et les nouvelles plantes ne reviennent pas [&hellip;]<\/p>\n","protected":false},"author":3,"featured_media":1088,"comment_status":"open","ping_status":"closed","sticky":false,"template":"","format":"standard","meta":{"jetpack_post_was_ever_published":false,"_jetpack_newsletter_access":"","_jetpack_dont_email_post_to_subs":false,"_jetpack_newsletter_tier_id":0,"_jetpack_memberships_contains_paywalled_content":false,"_jetpack_memberships_contains_paid_content":false,"footnotes":"","jetpack_publicize_message":"","jetpack_publicize_feature_enabled":true,"jetpack_social_post_already_shared":true,"jetpack_social_options":{"image_generator_settings":{"template":"highway","default_image_id":0,"font":"","enabled":false},"version":2}},"categories":[1],"tags":[],"class_list":["post-1080","post","type-post","status-publish","format-standard","has-post-thumbnail","hentry","category-pour-ne-pas-se-planter"],"jetpack_publicize_connections":[],"jetpack_featured_media_url":"https:\/\/jardinsamoena.be\/wp-content\/uploads\/2019\/07\/IMG_1167.jpg","jetpack_sharing_enabled":true,"jetpack_shortlink":"https:\/\/wp.me\/paOiNJ-hq","_links":{"self":[{"href":"https:\/\/jardinsamoena.be\/index.php\/wp-json\/wp\/v2\/posts\/1080","targetHints":{"allow":["GET"]}}],"collection":[{"href":"https:\/\/jardinsamoena.be\/index.php\/wp-json\/wp\/v2\/posts"}],"about":[{"href":"https:\/\/jardinsamoena.be\/index.php\/wp-json\/wp\/v2\/types\/post"}],"author":[{"embeddable":true,"href":"https:\/\/jardinsamoena.be\/index.php\/wp-json\/wp\/v2\/users\/3"}],"replies":[{"embeddable":true,"href":"https:\/\/jardinsamoena.be\/index.php\/wp-json\/wp\/v2\/comments?post=1080"}],"version-history":[{"count":8,"href":"https:\/\/jardinsamoena.be\/index.php\/wp-json\/wp\/v2\/posts\/1080\/revisions"}],"predecessor-version":[{"id":1092,"href":"https:\/\/jardinsamoena.be\/index.php\/wp-json\/wp\/v2\/posts\/1080\/revisions\/1092"}],"wp:featuredmedia":[{"embeddable":true,"href":"https:\/\/jardinsamoena.be\/index.php\/wp-json\/wp\/v2\/media\/1088"}],"wp:attachment":[{"href":"https:\/\/jardinsamoena.be\/index.php\/wp-json\/wp\/v2\/media?parent=1080"}],"wp:term":[{"taxonomy":"category","embeddable":true,"href":"https:\/\/jardinsamoena.be\/index.php\/wp-json\/wp\/v2\/categories?post=1080"},{"taxonomy":"post_tag","embeddable":true,"href":"https:\/\/jardinsamoena.be\/index.php\/wp-json\/wp\/v2\/tags?post=1080"}],"curies":[{"name":"wp","href":"https:\/\/api.w.org\/{rel}","templated":true}]}}