{"id":1497,"date":"2019-09-07T12:32:41","date_gmt":"2019-09-07T10:32:41","guid":{"rendered":"https:\/\/jardinsamoena.be\/?p=1497"},"modified":"2019-09-07T15:24:52","modified_gmt":"2019-09-07T13:24:52","slug":"des-plaisirs-du-jardin","status":"publish","type":"post","link":"https:\/\/jardinsamoena.be\/index.php\/2019\/09\/07\/des-plaisirs-du-jardin\/","title":{"rendered":"Des plaisirs du jardin"},"content":{"rendered":"\n<p class=\"has-text-color has-large-font-size has-vivid-green-cyan-color\"><strong>DES PLAISIRS DU JARDIN<\/strong><\/p>\n\n\n\n<p>Que vous soyez th\u00e9 ou caf\u00e9, une lumi\u00e8re ou vraiment tr\u00e8s b\u00eate, cheesecake ou porridge anti cholesterol \u00e0 l&#8217;eau et sans sucre&#8230; on efface tout et on recommence par une belle promenade matinale au jardin (bon, sauf peut-\u00eatre si on est vraiment tr\u00e8s tr\u00e8s tr\u00e8s b\u00eate).<\/p>\n\n\n\n<p>Quel que soit le moment de l&#8217;ann\u00e9e, quand le soleil s&#8217;est \u00e0 peine lev\u00e9, le jardin est le plus beau. Peut-\u00eatre plus encore que le soir \u00e0 la diff\u00e9rence pr\u00e8s qu&#8217;\u00e0 8h00 on a plein de choses en t\u00eate pour les heures qui suivent alors que le soir rien ne presse. Il fait juste un peu frais mais supportable par la tasse de th\u00e9 qui r\u00e9chauffe les mains, les oiseaux chantent mais ce n&#8217;est plus  le tintamarre printanier boost\u00e9 par l&#8217;exc\u00e8s de testost\u00e9rone, les ao\u00fbtats ont enfin disparu. A ce sujet, pourquoi faut-il toujours qu&#8217;ils me mordent \u00e0 l&#8217;\u00e9lastique du slip, ce qui transforme les boules d&#8217;Eryngium en une constellation de dahlias-pompon \u00e9carlates ? En plus, \u00e7\u00e0 vous d\u00e9mange et vous donne des allures de vieux d\u00e9gueulasse qui se gratte pendant les visites du jardin. <\/p>\n\n\n\n<p>Je hais les ao\u00fbtats. la preuve en images&#8230;<\/p>\n\n\n\n<figure class=\"wp-block-image\"><img loading=\"lazy\" decoding=\"async\" width=\"1024\" height=\"683\" src=\"https:\/\/jardinsamoena.be\/wp-content\/uploads\/2019\/09\/IMG_2612-1024x683.jpg\" alt=\"\" class=\"wp-image-1519\" srcset=\"https:\/\/jardinsamoena.be\/wp-content\/uploads\/2019\/09\/IMG_2612-1024x683.jpg 1024w, https:\/\/jardinsamoena.be\/wp-content\/uploads\/2019\/09\/IMG_2612-300x200.jpg 300w, https:\/\/jardinsamoena.be\/wp-content\/uploads\/2019\/09\/IMG_2612-768x512.jpg 768w, https:\/\/jardinsamoena.be\/wp-content\/uploads\/2019\/09\/IMG_2612-450x300.jpg 450w, https:\/\/jardinsamoena.be\/wp-content\/uploads\/2019\/09\/IMG_2612.jpg 1619w\" sizes=\"auto, (max-width: 1024px) 100vw, 1024px\" \/><figcaption>Eryngium avant ao\u00fbtats&#8230;<\/figcaption><\/figure>\n\n\n\n<figure class=\"wp-block-image\"><img loading=\"lazy\" decoding=\"async\" width=\"1024\" height=\"768\" src=\"https:\/\/jardinsamoena.be\/wp-content\/uploads\/2019\/09\/IMG_2589-1024x768.jpg\" alt=\"\" class=\"wp-image-1520\" srcset=\"https:\/\/jardinsamoena.be\/wp-content\/uploads\/2019\/09\/IMG_2589-1024x768.jpg 1024w, https:\/\/jardinsamoena.be\/wp-content\/uploads\/2019\/09\/IMG_2589-300x225.jpg 300w, https:\/\/jardinsamoena.be\/wp-content\/uploads\/2019\/09\/IMG_2589-768x576.jpg 768w, https:\/\/jardinsamoena.be\/wp-content\/uploads\/2019\/09\/IMG_2589-400x300.jpg 400w, https:\/\/jardinsamoena.be\/wp-content\/uploads\/2019\/09\/IMG_2589.jpg 1440w\" sizes=\"auto, (max-width: 1024px) 100vw, 1024px\" \/><figcaption>&#8230; et apr\u00e8s&#8230;<\/figcaption><\/figure>\n\n\n\n<p>J&#8217;avoue que la plus belle partie en ce moment, m\u00eame si ailleurs il y a de jolies compositions, c&#8217;est le jardin de gramin\u00e9es et de fleurs de fin de saison. Ce n&#8217;est pas encore une atmosph\u00e8re de fin de r\u00e8gne car les couleurs du froid ne transforment pas encore les feuillages. Septembre est presque une renaissance apr\u00e8s la s\u00e9cheresse et l&#8217;\u00e9t\u00e9 caniculaire. Au d\u00e9but du printemps on court en tous sens pour ne pas rater les apparitions quotidiennes, en \u00e9t\u00e9 on rase les murs et en automne Baudelaire se cache derri\u00e8re le spleen des \u00e9rables. Tandis qu&#8217;en septembre&#8230;. la maturit\u00e9 explose mais elle n&#8217;a plus rien \u00e0 prouver. On se sent envelopp\u00e9 par une surabondance multi couches : les plantes d\u00e9bordent all\u00e8grement sur les chemins, les fleurs pass\u00e9es ont gard\u00e9 une belle architecture si vous les avez bien choisies, d&#8217;autres apparaissent encore ou jouent les prolongations. Le plaisir est \u00e0 son comble car les sc\u00e8nes suivantes, cach\u00e9es naturellement par l&#8217;envergure impressionnante, invitent \u00e0 la surprise de tableaux in\u00e9dits.<\/p>\n\n\n\n<p>Petit floril\u00e8ge de l&#8217;ambiance ce matin dans cette partie du jardin.<\/p>\n\n\n\n<figure class=\"wp-block-image\"><img loading=\"lazy\" decoding=\"async\" width=\"1024\" height=\"599\" src=\"https:\/\/jardinsamoena.be\/wp-content\/uploads\/2019\/09\/IMG_2615-1024x599.jpg\" alt=\"\" class=\"wp-image-1503\" srcset=\"https:\/\/jardinsamoena.be\/wp-content\/uploads\/2019\/09\/IMG_2615-1024x599.jpg 1024w, https:\/\/jardinsamoena.be\/wp-content\/uploads\/2019\/09\/IMG_2615-300x176.jpg 300w, https:\/\/jardinsamoena.be\/wp-content\/uploads\/2019\/09\/IMG_2615-768x450.jpg 768w, https:\/\/jardinsamoena.be\/wp-content\/uploads\/2019\/09\/IMG_2615-513x300.jpg 513w, https:\/\/jardinsamoena.be\/wp-content\/uploads\/2019\/09\/IMG_2615.jpg 1845w\" sizes=\"auto, (max-width: 1024px) 100vw, 1024px\" \/><\/figure>\n\n\n\n<figure class=\"wp-block-image\"><img loading=\"lazy\" decoding=\"async\" width=\"768\" height=\"1024\" src=\"https:\/\/jardinsamoena.be\/wp-content\/uploads\/2019\/09\/IMG_2596-768x1024.jpg\" alt=\"\" class=\"wp-image-1512\" srcset=\"https:\/\/jardinsamoena.be\/wp-content\/uploads\/2019\/09\/IMG_2596-768x1024.jpg 768w, https:\/\/jardinsamoena.be\/wp-content\/uploads\/2019\/09\/IMG_2596-225x300.jpg 225w, https:\/\/jardinsamoena.be\/wp-content\/uploads\/2019\/09\/IMG_2596.jpg 810w\" sizes=\"auto, (max-width: 768px) 100vw, 768px\" \/><\/figure>\n\n\n\n<figure class=\"wp-block-image\"><img loading=\"lazy\" decoding=\"async\" width=\"768\" height=\"1024\" src=\"https:\/\/jardinsamoena.be\/wp-content\/uploads\/2019\/09\/IMG_2614-768x1024.jpg\" alt=\"\" class=\"wp-image-1509\" srcset=\"https:\/\/jardinsamoena.be\/wp-content\/uploads\/2019\/09\/IMG_2614-768x1024.jpg 768w, https:\/\/jardinsamoena.be\/wp-content\/uploads\/2019\/09\/IMG_2614-225x300.jpg 225w, https:\/\/jardinsamoena.be\/wp-content\/uploads\/2019\/09\/IMG_2614.jpg 810w\" sizes=\"auto, (max-width: 768px) 100vw, 768px\" \/><\/figure>\n\n\n\n<figure class=\"wp-block-image\"><img loading=\"lazy\" decoding=\"async\" width=\"1024\" height=\"650\" src=\"https:\/\/jardinsamoena.be\/wp-content\/uploads\/2019\/09\/IMG_2613-1024x650.jpg\" alt=\"\" class=\"wp-image-1505\" srcset=\"https:\/\/jardinsamoena.be\/wp-content\/uploads\/2019\/09\/IMG_2613-1024x650.jpg 1024w, https:\/\/jardinsamoena.be\/wp-content\/uploads\/2019\/09\/IMG_2613-300x190.jpg 300w, https:\/\/jardinsamoena.be\/wp-content\/uploads\/2019\/09\/IMG_2613-768x487.jpg 768w, https:\/\/jardinsamoena.be\/wp-content\/uploads\/2019\/09\/IMG_2613-473x300.jpg 473w, https:\/\/jardinsamoena.be\/wp-content\/uploads\/2019\/09\/IMG_2613.jpg 1702w\" sizes=\"auto, (max-width: 1024px) 100vw, 1024px\" \/><\/figure>\n\n\n\n<figure class=\"wp-block-image\"><img loading=\"lazy\" decoding=\"async\" width=\"1024\" height=\"768\" src=\"https:\/\/jardinsamoena.be\/wp-content\/uploads\/2019\/09\/IMG_2611-2-1024x768.jpg\" alt=\"\" class=\"wp-image-1504\" srcset=\"https:\/\/jardinsamoena.be\/wp-content\/uploads\/2019\/09\/IMG_2611-2-1024x768.jpg 1024w, https:\/\/jardinsamoena.be\/wp-content\/uploads\/2019\/09\/IMG_2611-2-300x225.jpg 300w, https:\/\/jardinsamoena.be\/wp-content\/uploads\/2019\/09\/IMG_2611-2-768x576.jpg 768w, https:\/\/jardinsamoena.be\/wp-content\/uploads\/2019\/09\/IMG_2611-2-400x300.jpg 400w, https:\/\/jardinsamoena.be\/wp-content\/uploads\/2019\/09\/IMG_2611-2.jpg 1440w\" sizes=\"auto, (max-width: 1024px) 100vw, 1024px\" \/><\/figure>\n\n\n\n<figure class=\"wp-block-image\"><img loading=\"lazy\" decoding=\"async\" width=\"1024\" height=\"768\" src=\"https:\/\/jardinsamoena.be\/wp-content\/uploads\/2019\/09\/IMG_2603-1024x768.jpg\" alt=\"\" class=\"wp-image-1511\" srcset=\"https:\/\/jardinsamoena.be\/wp-content\/uploads\/2019\/09\/IMG_2603-1024x768.jpg 1024w, https:\/\/jardinsamoena.be\/wp-content\/uploads\/2019\/09\/IMG_2603-300x225.jpg 300w, https:\/\/jardinsamoena.be\/wp-content\/uploads\/2019\/09\/IMG_2603-768x576.jpg 768w, https:\/\/jardinsamoena.be\/wp-content\/uploads\/2019\/09\/IMG_2603-400x300.jpg 400w, https:\/\/jardinsamoena.be\/wp-content\/uploads\/2019\/09\/IMG_2603.jpg 1440w\" sizes=\"auto, (max-width: 1024px) 100vw, 1024px\" \/><\/figure>\n\n\n\n<figure class=\"wp-block-image\"><img loading=\"lazy\" decoding=\"async\" width=\"768\" height=\"1024\" src=\"https:\/\/jardinsamoena.be\/wp-content\/uploads\/2019\/09\/IMG_2604-768x1024.jpg\" alt=\"\" class=\"wp-image-1506\" srcset=\"https:\/\/jardinsamoena.be\/wp-content\/uploads\/2019\/09\/IMG_2604-768x1024.jpg 768w, https:\/\/jardinsamoena.be\/wp-content\/uploads\/2019\/09\/IMG_2604-225x300.jpg 225w, https:\/\/jardinsamoena.be\/wp-content\/uploads\/2019\/09\/IMG_2604.jpg 810w\" sizes=\"auto, (max-width: 768px) 100vw, 768px\" \/><\/figure>\n\n\n\n<figure class=\"wp-block-image\"><img loading=\"lazy\" decoding=\"async\" width=\"1024\" height=\"768\" src=\"https:\/\/jardinsamoena.be\/wp-content\/uploads\/2019\/09\/IMG_2600-1024x768.jpg\" alt=\"\" class=\"wp-image-1507\" srcset=\"https:\/\/jardinsamoena.be\/wp-content\/uploads\/2019\/09\/IMG_2600-1024x768.jpg 1024w, https:\/\/jardinsamoena.be\/wp-content\/uploads\/2019\/09\/IMG_2600-300x225.jpg 300w, https:\/\/jardinsamoena.be\/wp-content\/uploads\/2019\/09\/IMG_2600-768x576.jpg 768w, https:\/\/jardinsamoena.be\/wp-content\/uploads\/2019\/09\/IMG_2600-400x300.jpg 400w, https:\/\/jardinsamoena.be\/wp-content\/uploads\/2019\/09\/IMG_2600.jpg 1440w\" sizes=\"auto, (max-width: 1024px) 100vw, 1024px\" \/><\/figure>\n\n\n\n<figure class=\"wp-block-image\"><img loading=\"lazy\" decoding=\"async\" width=\"768\" height=\"1024\" src=\"https:\/\/jardinsamoena.be\/wp-content\/uploads\/2019\/09\/IMG_2597-768x1024.jpg\" alt=\"\" class=\"wp-image-1510\" srcset=\"https:\/\/jardinsamoena.be\/wp-content\/uploads\/2019\/09\/IMG_2597-768x1024.jpg 768w, https:\/\/jardinsamoena.be\/wp-content\/uploads\/2019\/09\/IMG_2597-225x300.jpg 225w, https:\/\/jardinsamoena.be\/wp-content\/uploads\/2019\/09\/IMG_2597.jpg 810w\" sizes=\"auto, (max-width: 768px) 100vw, 768px\" \/><\/figure>\n","protected":false},"excerpt":{"rendered":"<p>DES PLAISIRS DU JARDIN Que vous soyez th\u00e9 ou caf\u00e9, une lumi\u00e8re ou vraiment tr\u00e8s b\u00eate, cheesecake ou porridge anti cholesterol \u00e0 l&#8217;eau et sans sucre&#8230; on efface tout et on recommence par une belle promenade matinale au jardin (bon, sauf peut-\u00eatre si on est vraiment tr\u00e8s tr\u00e8s tr\u00e8s b\u00eate). Quel que soit le moment [&hellip;]<\/p>\n","protected":false},"author":3,"featured_media":1519,"comment_status":"open","ping_status":"closed","sticky":false,"template":"","format":"standard","meta":{"jetpack_post_was_ever_published":false,"_jetpack_newsletter_access":"","_jetpack_dont_email_post_to_subs":false,"_jetpack_newsletter_tier_id":0,"_jetpack_memberships_contains_paywalled_content":false,"_jetpack_memberships_contains_paid_content":false,"footnotes":"","jetpack_publicize_message":"","jetpack_publicize_feature_enabled":true,"jetpack_social_post_already_shared":true,"jetpack_social_options":{"image_generator_settings":{"template":"highway","default_image_id":0,"font":"","enabled":false},"version":2}},"categories":[11],"tags":[],"class_list":["post-1497","post","type-post","status-publish","format-standard","has-post-thumbnail","hentry","category-blog"],"jetpack_publicize_connections":[],"jetpack_featured_media_url":"https:\/\/jardinsamoena.be\/wp-content\/uploads\/2019\/09\/IMG_2612.jpg","jetpack_sharing_enabled":true,"jetpack_shortlink":"https:\/\/wp.me\/paOiNJ-o9","_links":{"self":[{"href":"https:\/\/jardinsamoena.be\/index.php\/wp-json\/wp\/v2\/posts\/1497","targetHints":{"allow":["GET"]}}],"collection":[{"href":"https:\/\/jardinsamoena.be\/index.php\/wp-json\/wp\/v2\/posts"}],"about":[{"href":"https:\/\/jardinsamoena.be\/index.php\/wp-json\/wp\/v2\/types\/post"}],"author":[{"embeddable":true,"href":"https:\/\/jardinsamoena.be\/index.php\/wp-json\/wp\/v2\/users\/3"}],"replies":[{"embeddable":true,"href":"https:\/\/jardinsamoena.be\/index.php\/wp-json\/wp\/v2\/comments?post=1497"}],"version-history":[{"count":13,"href":"https:\/\/jardinsamoena.be\/index.php\/wp-json\/wp\/v2\/posts\/1497\/revisions"}],"predecessor-version":[{"id":1522,"href":"https:\/\/jardinsamoena.be\/index.php\/wp-json\/wp\/v2\/posts\/1497\/revisions\/1522"}],"wp:featuredmedia":[{"embeddable":true,"href":"https:\/\/jardinsamoena.be\/index.php\/wp-json\/wp\/v2\/media\/1519"}],"wp:attachment":[{"href":"https:\/\/jardinsamoena.be\/index.php\/wp-json\/wp\/v2\/media?parent=1497"}],"wp:term":[{"taxonomy":"category","embeddable":true,"href":"https:\/\/jardinsamoena.be\/index.php\/wp-json\/wp\/v2\/categories?post=1497"},{"taxonomy":"post_tag","embeddable":true,"href":"https:\/\/jardinsamoena.be\/index.php\/wp-json\/wp\/v2\/tags?post=1497"}],"curies":[{"name":"wp","href":"https:\/\/api.w.org\/{rel}","templated":true}]}}