{"id":1618,"date":"2019-10-13T08:49:19","date_gmt":"2019-10-13T06:49:19","guid":{"rendered":"https:\/\/jardinsamoena.be\/?p=1618"},"modified":"2019-10-16T17:03:55","modified_gmt":"2019-10-16T15:03:55","slug":"a-tous-ceux-qui-nont-pas-le-temps-dattendre","status":"publish","type":"post","link":"https:\/\/jardinsamoena.be\/index.php\/2019\/10\/13\/a-tous-ceux-qui-nont-pas-le-temps-dattendre\/","title":{"rendered":"A tous ceux qui n&#8217;ont pas le temps d&#8217;attendre"},"content":{"rendered":"\n<p class=\"has-text-color has-large-font-size has-vivid-green-cyan-color\"><strong>A TOUS CEUX QUI N&#8217;ONT PAS LE TEMPS D&#8217;ATTENDRE<\/strong><\/p>\n\n\n\n<p>Les livres de jardin, c&#8217;est bien. Ils permettent d&#8217;ajuster des r\u00e8gles de base nourries, quand le livre est bon et se ne limite pas \u00e0 citer d&#8217;interminables listes de plantes, de quelques astuces qui sentent le v\u00e9cu. Mais les r\u00e8gles commun\u00e9ment admises sont faites pour \u00eatre chang\u00e9es, tout sp\u00e9cialement quand c&#8217;est moi qui les change. Et j&#8217;esp\u00e8re que vous pensez de m\u00eame&#8230; en ce qui vous concerne bien entendu.<\/p>\n\n\n\n<p>Ainsi la sacro-sainte r\u00e8gle d&#8217;or gentillette qui consiste \u00e0 vous dire qu&#8217;il faut planter \u00e0 distance respectable pour que les plantes puissent s&#8217;\u00e9panouir parfaitement au fil des ans.  Sauf que voil\u00e0, j&#8217;ai pass\u00e9 cinquante balais et je n&#8217;ai pas le temps d&#8217;attendre. Je n&#8217;aime ni le vide abyssal entre les arbres et encore moins les vivaces plant\u00e9es chichement dans l&#8217;espoir qu&#8217;un jour elles se multiplieront. Moi, je veux que \u00e7\u00e0 p\u00e8te de partout, que \u00e7\u00e0 m&#8217;\u00e9meuve tout de suite ici et maintenant et je laisse demain aux mouches.<\/p>\n\n\n\n<p>S&#8217;il me semble \u00e9vident de ne pas planter deux ch\u00eanes \u00e0 un m\u00e8tre de distance, qu&#8217;en est-il des plantes \u00e0 enracinement superficiel et celles qui sont rhizomateuses ? Bonne nouvelle, vous ne pouvez pas vous tromper en les plantant tr\u00e8s proches. Je vous d\u00e9place un rhododendron de vingt ans seul et \u00e0 la b\u00eache en moins de quinze minutes. Certains diront que je le dois sans doute \u00e0 mes super pouvoirs h\u00e9rit\u00e9s de ce scarab\u00e9e bousier &#8211; vous savez ces petits col\u00e9opt\u00e8res qui poussent plusieurs fois leur poids en nourriture jusqu&#8217;\u00e0 leur terrier &#8211; qui m&#8217;a un jour piqu\u00e9 et m&#8217;a transmis sa force colossale (voir Spiderman I \u00e0 VII pour bien comprendre ce que je vous dis). Eh bien non ils se trompent. J&#8217;ai d\u00fb me d\u00e9barrasser \u00e0 regret de ce don surpuissant car ce n&#8217;est pas tous les jours facile de surmonter les inconv\u00e9nients de coprophage, surtout en soci\u00e9t\u00e9. <\/p>\n\n\n\n<p>En r\u00e9alit\u00e9, les rhododendrons ont un enracinement tellement superficiel qu&#8217;il est possible de les bouger \u00e0 n&#8217;importe quel \u00e2ge et sans souci. Et qu&#8217;en est-il des rhizomes ? Preuve en image, il est tr\u00e8s facile non seulement de les d\u00e9placer mais aussi de les diviser. De l&#8217;autre c\u00f4t\u00e9 du parterre expliqu\u00e9 dans l&#8217;article pr\u00e9c\u00e9dent, vivent d&#8217;autres rhodos et des vivaces d&#8217;ombre rares comme le <em>Chloranthus fortunei<\/em> et l&#8217;extraordinaire <em>Polygonatum falcatum<\/em> &#8216;Silver Striped&#8217;.  <\/p>\n\n\n\n<figure class=\"wp-block-image\"><img loading=\"lazy\" decoding=\"async\" width=\"1024\" height=\"683\" src=\"https:\/\/jardinsamoena.be\/wp-content\/uploads\/2019\/10\/DSC_0016-1024x683.jpg\" alt=\"\" class=\"wp-image-1635\" srcset=\"https:\/\/jardinsamoena.be\/wp-content\/uploads\/2019\/10\/DSC_0016-1024x683.jpg 1024w, https:\/\/jardinsamoena.be\/wp-content\/uploads\/2019\/10\/DSC_0016-300x200.jpg 300w, https:\/\/jardinsamoena.be\/wp-content\/uploads\/2019\/10\/DSC_0016-768x512.jpg 768w, https:\/\/jardinsamoena.be\/wp-content\/uploads\/2019\/10\/DSC_0016-450x300.jpg 450w, https:\/\/jardinsamoena.be\/wp-content\/uploads\/2019\/10\/DSC_0016.jpg 1620w\" sizes=\"auto, (max-width: 1024px) 100vw, 1024px\" \/><figcaption><em>Cloranthus fortunei<\/em> sur la gauche au feuillage gaufr\u00e9 et \u00e9pis blancs en \u00e9t\u00e9, une merveille \u00e0 l&#8217;ombre fra\u00eeche.<\/figcaption><\/figure>\n\n\n\n<figure class=\"wp-block-image\"><img loading=\"lazy\" decoding=\"async\" width=\"1024\" height=\"683\" src=\"https:\/\/jardinsamoena.be\/wp-content\/uploads\/2019\/10\/DSC_0019-1024x683.jpg\" alt=\"\" class=\"wp-image-1636\" srcset=\"https:\/\/jardinsamoena.be\/wp-content\/uploads\/2019\/10\/DSC_0019-1024x683.jpg 1024w, https:\/\/jardinsamoena.be\/wp-content\/uploads\/2019\/10\/DSC_0019-300x200.jpg 300w, https:\/\/jardinsamoena.be\/wp-content\/uploads\/2019\/10\/DSC_0019-768x512.jpg 768w, https:\/\/jardinsamoena.be\/wp-content\/uploads\/2019\/10\/DSC_0019-450x300.jpg 450w, https:\/\/jardinsamoena.be\/wp-content\/uploads\/2019\/10\/DSC_0019.jpg 1620w\" sizes=\"auto, (max-width: 1024px) 100vw, 1024px\" \/><figcaption><em>Polygonatum falcatum<\/em> &#8216;Silver Striped&#8217; au centre. N&#8217;est-ce pas exceptionnel ?<\/figcaption><\/figure>\n\n\n\n<p><\/p>\n\n\n\n<p>En place depuis quatre ans, il est temps de les diviser car ils forment d&#8217;abondantes touffes. Tr\u00e8s facile pour le sceau de Salomon, vous enlevez la touffe et d\u00e9faites \u00e0 la main des rhizomes individuels. <\/p>\n\n\n\n<figure class=\"wp-block-image\"><img loading=\"lazy\" decoding=\"async\" width=\"1024\" height=\"768\" src=\"https:\/\/jardinsamoena.be\/wp-content\/uploads\/2019\/10\/IMG_2879-1024x768.jpg\" alt=\"\" class=\"wp-image-1621\" srcset=\"https:\/\/jardinsamoena.be\/wp-content\/uploads\/2019\/10\/IMG_2879-1024x768.jpg 1024w, https:\/\/jardinsamoena.be\/wp-content\/uploads\/2019\/10\/IMG_2879-300x225.jpg 300w, https:\/\/jardinsamoena.be\/wp-content\/uploads\/2019\/10\/IMG_2879-768x576.jpg 768w, https:\/\/jardinsamoena.be\/wp-content\/uploads\/2019\/10\/IMG_2879-400x300.jpg 400w, https:\/\/jardinsamoena.be\/wp-content\/uploads\/2019\/10\/IMG_2879.jpg 1440w\" sizes=\"auto, (max-width: 1024px) 100vw, 1024px\" \/><\/figure>\n\n\n\n<p>Pas compliqu\u00e9 pour le Chloranthus. Un bon coup de b\u00eache et voil\u00e0 trois plantes d\u00e9j\u00e0 bien form\u00e9es.<\/p>\n\n\n\n<figure class=\"wp-block-image\"><img loading=\"lazy\" decoding=\"async\" width=\"1024\" height=\"768\" src=\"https:\/\/jardinsamoena.be\/wp-content\/uploads\/2019\/10\/IMG_2880-1024x768.jpg\" alt=\"\" class=\"wp-image-1622\" srcset=\"https:\/\/jardinsamoena.be\/wp-content\/uploads\/2019\/10\/IMG_2880-1024x768.jpg 1024w, https:\/\/jardinsamoena.be\/wp-content\/uploads\/2019\/10\/IMG_2880-300x225.jpg 300w, https:\/\/jardinsamoena.be\/wp-content\/uploads\/2019\/10\/IMG_2880-768x576.jpg 768w, https:\/\/jardinsamoena.be\/wp-content\/uploads\/2019\/10\/IMG_2880-400x300.jpg 400w, https:\/\/jardinsamoena.be\/wp-content\/uploads\/2019\/10\/IMG_2880.jpg 1440w\" sizes=\"auto, (max-width: 1024px) 100vw, 1024px\" \/><\/figure>\n\n\n\n<p>je n&#8217;insisterai JAMAIS assez sur l&#8217;importance d&#8217;ajouter des mycorhizes \u00e0 la plantation qui acc\u00e9l\u00e8rent l&#8217;installation des plantes de mani\u00e8re incroyable. Ces bact\u00e9ries favorisent les \u00e9changes entre le sol et les racines de la plante pour une reprise rapide. Tr\u00e8s tr\u00e8s efficace.<\/p>\n\n\n\n<figure class=\"wp-block-image\"><img loading=\"lazy\" decoding=\"async\" width=\"1024\" height=\"768\" src=\"https:\/\/jardinsamoena.be\/wp-content\/uploads\/2019\/10\/IMG_2882-1024x768.jpg\" alt=\"\" class=\"wp-image-1623\" srcset=\"https:\/\/jardinsamoena.be\/wp-content\/uploads\/2019\/10\/IMG_2882-1024x768.jpg 1024w, https:\/\/jardinsamoena.be\/wp-content\/uploads\/2019\/10\/IMG_2882-300x225.jpg 300w, https:\/\/jardinsamoena.be\/wp-content\/uploads\/2019\/10\/IMG_2882-768x576.jpg 768w, https:\/\/jardinsamoena.be\/wp-content\/uploads\/2019\/10\/IMG_2882-400x300.jpg 400w, https:\/\/jardinsamoena.be\/wp-content\/uploads\/2019\/10\/IMG_2882.jpg 1440w\" sizes=\"auto, (max-width: 1024px) 100vw, 1024px\" \/><\/figure>\n\n\n\n<p>Eh voil\u00e0 le travail. Replantation serr\u00e9e. Nouvel impact visuel par la r\u00e9p\u00e9tition des deux plantes \u00e0 distance. Les plantes rares co\u00fbtent cher et je comprends que vous n&#8217;en achetiez qu&#8217;un exemplaire. Mais en choisissant des rhizomes, la division vous permet rapidement de faire croire que tante Madeleine vient de vous l\u00e9guer sa fortune. On y verra toutefois plus clair l&#8217;an prochain lorsque les plantes seront bien install\u00e9es.<\/p>\n\n\n\n<figure class=\"wp-block-image\"><img loading=\"lazy\" decoding=\"async\" width=\"1024\" height=\"768\" src=\"https:\/\/jardinsamoena.be\/wp-content\/uploads\/2019\/10\/IMG_2884-1-1024x768.jpg\" alt=\"\" class=\"wp-image-1625\" srcset=\"https:\/\/jardinsamoena.be\/wp-content\/uploads\/2019\/10\/IMG_2884-1-1024x768.jpg 1024w, https:\/\/jardinsamoena.be\/wp-content\/uploads\/2019\/10\/IMG_2884-1-300x225.jpg 300w, https:\/\/jardinsamoena.be\/wp-content\/uploads\/2019\/10\/IMG_2884-1-768x576.jpg 768w, https:\/\/jardinsamoena.be\/wp-content\/uploads\/2019\/10\/IMG_2884-1-400x300.jpg 400w, https:\/\/jardinsamoena.be\/wp-content\/uploads\/2019\/10\/IMG_2884-1.jpg 1440w\" sizes=\"auto, (max-width: 1024px) 100vw, 1024px\" \/><\/figure>\n\n\n\n<p>Je n&#8217;ai jamais tr\u00e8s bien compris les sommes exorbitantes que l&#8217;on demande pour les plantes d&#8217;ombre de &#8216;collection&#8217;. Les deux plantes divis\u00e9es ci-dessus pourraient encore \u00eatre divis\u00e9es en de nombreux fragments et me rapporter plus de mille euros si je les vendais au prix des &#8216;foires aux plantes sp\u00e9cialis\u00e9es&#8217;. Ceci me laisse songeur&#8230;. Il faudrait que je pense \u00e0 me recycler. Savez-vous que le scarab\u00e9e d&#8217;Egypte incarne le dieu solaire qui rena\u00eet chaque matin ? <\/p>\n\n\n\n<p>Sachez enfin que les p\u00e9pini\u00e8res sp\u00e9cialis\u00e9es anglaises sont bien moins ch\u00e8res que les n\u00f4tres. Le Polygonatum vous reviendra la moiti\u00e9 du prix de chez nous (faut-il encore le trouver en Belgique) et le tiers si vous avez la malchance d&#8217;\u00eatre Fran\u00e7ais (\u00e0 ce sujet j&#8217;ai vu un site qui propose une foule de plantes rarissimes dont le nom de cultivar est &#8216;indisponible&#8217;).<\/p>\n","protected":false},"excerpt":{"rendered":"<p>A TOUS CEUX QUI N&#8217;ONT PAS LE TEMPS D&#8217;ATTENDRE Les livres de jardin, c&#8217;est bien. Ils permettent d&#8217;ajuster des r\u00e8gles de base nourries, quand le livre est bon et se ne limite pas \u00e0 citer d&#8217;interminables listes de plantes, de quelques astuces qui sentent le v\u00e9cu. Mais les r\u00e8gles commun\u00e9ment admises sont faites pour \u00eatre [&hellip;]<\/p>\n","protected":false},"author":3,"featured_media":1622,"comment_status":"open","ping_status":"closed","sticky":false,"template":"","format":"standard","meta":{"jetpack_post_was_ever_published":false,"_jetpack_newsletter_access":"","_jetpack_dont_email_post_to_subs":false,"_jetpack_newsletter_tier_id":0,"_jetpack_memberships_contains_paywalled_content":false,"_jetpack_memberships_contains_paid_content":false,"footnotes":"","jetpack_publicize_message":"","jetpack_publicize_feature_enabled":true,"jetpack_social_post_already_shared":true,"jetpack_social_options":{"image_generator_settings":{"template":"highway","default_image_id":0,"font":"","enabled":false},"version":2}},"categories":[1],"tags":[],"class_list":["post-1618","post","type-post","status-publish","format-standard","has-post-thumbnail","hentry","category-pour-ne-pas-se-planter"],"jetpack_publicize_connections":[],"jetpack_featured_media_url":"https:\/\/jardinsamoena.be\/wp-content\/uploads\/2019\/10\/IMG_2880.jpg","jetpack_sharing_enabled":true,"jetpack_shortlink":"https:\/\/wp.me\/paOiNJ-q6","_links":{"self":[{"href":"https:\/\/jardinsamoena.be\/index.php\/wp-json\/wp\/v2\/posts\/1618","targetHints":{"allow":["GET"]}}],"collection":[{"href":"https:\/\/jardinsamoena.be\/index.php\/wp-json\/wp\/v2\/posts"}],"about":[{"href":"https:\/\/jardinsamoena.be\/index.php\/wp-json\/wp\/v2\/types\/post"}],"author":[{"embeddable":true,"href":"https:\/\/jardinsamoena.be\/index.php\/wp-json\/wp\/v2\/users\/3"}],"replies":[{"embeddable":true,"href":"https:\/\/jardinsamoena.be\/index.php\/wp-json\/wp\/v2\/comments?post=1618"}],"version-history":[{"count":22,"href":"https:\/\/jardinsamoena.be\/index.php\/wp-json\/wp\/v2\/posts\/1618\/revisions"}],"predecessor-version":[{"id":1672,"href":"https:\/\/jardinsamoena.be\/index.php\/wp-json\/wp\/v2\/posts\/1618\/revisions\/1672"}],"wp:featuredmedia":[{"embeddable":true,"href":"https:\/\/jardinsamoena.be\/index.php\/wp-json\/wp\/v2\/media\/1622"}],"wp:attachment":[{"href":"https:\/\/jardinsamoena.be\/index.php\/wp-json\/wp\/v2\/media?parent=1618"}],"wp:term":[{"taxonomy":"category","embeddable":true,"href":"https:\/\/jardinsamoena.be\/index.php\/wp-json\/wp\/v2\/categories?post=1618"},{"taxonomy":"post_tag","embeddable":true,"href":"https:\/\/jardinsamoena.be\/index.php\/wp-json\/wp\/v2\/tags?post=1618"}],"curies":[{"name":"wp","href":"https:\/\/api.w.org\/{rel}","templated":true}]}}