{"id":1860,"date":"2019-11-14T12:10:05","date_gmt":"2019-11-14T11:10:05","guid":{"rendered":"https:\/\/jardinsamoena.be\/?p=1860"},"modified":"2019-11-14T12:50:08","modified_gmt":"2019-11-14T11:50:08","slug":"faut-pas-pousser-bobonne","status":"publish","type":"post","link":"https:\/\/jardinsamoena.be\/index.php\/2019\/11\/14\/faut-pas-pousser-bobonne\/","title":{"rendered":"Faut pas pousser bobonne !"},"content":{"rendered":"\n<p class=\"has-text-color has-large-font-size has-vivid-green-cyan-color\"><strong>FAUT PAS POUSSER BOBONNE !<\/strong><\/p>\n\n\n\n<p>Mais pourquoi diable avons-nous invent\u00e9 une expression qui flanque m\u00e9m\u00e9 dans les plantes urticantes ? C&#8217;est ce que Freud a nomm\u00e9 &#8216;de la g\u00e9rontopropulsion pr\u00e9m\u00e9dit\u00e9e&#8217;. Imaginez la sc\u00e8ne : gentille m\u00e9m\u00e9 admire ses dahlias et vlan, le sale gamin la pousse dans les orties pour exp\u00e9rimenter la pouss\u00e9e d&#8217;Archim\u00e8de car &#8216;papa dit toujours qu&#8217;il faut v\u00e9rifier ce que dit Madame Nicole \u00e0 l&#8217;\u00e9cole&#8217;. Si la m\u00eame envie vous vient des ann\u00e9es plus tard, changez de ritournelle car si on pardonne volontiers \u00e0 un bambin d&#8217;ignorer qu&#8217;il faut un liquide pour que s&#8217;exerce la pouss\u00e9e d&#8217;Archim\u00e8de, \u00e7\u00e0 passera moins bien \u00e0 l&#8217;\u00e2ge adulte. C&#8217;est d&#8217;ailleurs la raison pour laquelle les Fran\u00e7ais ne connaissent pas cette expression au b\u00e9n\u00e9fice du &#8216;tu pousses le bouchon un peu trop loin, Maurice'(*)<\/p>\n\n\n\n<p>(*) pour ceux qui ne connaissent pas la pub, je rappelle que Maurice n&#8217;est pas une grand-m\u00e8re transgenre mais un poisson.<\/p>\n\n\n\n<p>Les Anglais avec leur habituel fairplay sont bien moins pervers que nous et pr\u00e9f\u00e8rent dire &#8216;don&#8217;t toss Granny in the begonias&#8217;. Une expression qui est n\u00e9e \u00e0 l&#8217;\u00e9poque victorienne et sa mode des parterres d&#8217;annuelles aux couleurs affolantes (voir notre prochain livre sur l&#8217;histoire des jardins anglais \u00e0 para\u00eetre fin 2020). Les bambins en promenade dans les parcs publics voyaient rouge devant les fleurs et poussaient syst\u00e9matiquement leur granny dans les b\u00e9gonias \u00e9carlates.<\/p>\n\n\n\n<p>Les Ecossais sont par contre bien plus rudes avec leur &#8216;ye cannae shove your granny affa bus&#8217;. Pousser la grand-m\u00e8re hors du bus ? Il para\u00eet que c&#8217;est une vengeance des gamins car l\u00e0-bas on a l&#8217;habitude &#8216;to throw the baby out with the bathwater&#8217;.<\/p>\n\n\n\n<p>Eh bien moi, en bon ex-Bruxellois, je trouve qu&#8217;il faudrait dire &#8216;il ne faut pas stoemper boma dans le fritkot&#8217;.<\/p>\n\n\n\n<p>Tout cela pour dire quoi finalement ? Car il faut bien en revenir aux plantes. Connaissez-vous les Boehmeria ? Ce sont des vivaces de la famille des orties que l&#8217;on cultive en Extr\u00eame-Orient depuis des si\u00e8cles et pas seulement pour leur valeur ornementale. Celui-ci s&#8217;appelle <em>Boehmeria<\/em> <em>spicata<\/em> &#8216;Chantilly&#8217;, baptis\u00e9 ainsi \u00e0 la f\u00eate des plantes du m\u00eame nom mais c&#8217;est une appellation qui convient parfaitement au nouveau feuillage tach\u00e9 de blanc, ce qui le rend tr\u00e8s appr\u00e9ciable \u00e0 l&#8217;ombre. La couleur blanche tend \u00e0 dispara\u00eetre au milieu de l&#8217;\u00e9t\u00e9 mais en garde \u00e7\u00e0 et l\u00e0 un petit souvenir jusqu&#8217;\u00e0 l&#8217;automne. <\/p>\n\n\n\n<figure class=\"wp-block-image\"><img loading=\"lazy\" decoding=\"async\" width=\"1024\" height=\"683\" src=\"https:\/\/jardinsamoena.be\/wp-content\/uploads\/2019\/11\/DSC_0054-1024x683.jpg\" alt=\"\" class=\"wp-image-1870\" srcset=\"https:\/\/jardinsamoena.be\/wp-content\/uploads\/2019\/11\/DSC_0054-1024x683.jpg 1024w, https:\/\/jardinsamoena.be\/wp-content\/uploads\/2019\/11\/DSC_0054-300x200.jpg 300w, https:\/\/jardinsamoena.be\/wp-content\/uploads\/2019\/11\/DSC_0054-768x512.jpg 768w, https:\/\/jardinsamoena.be\/wp-content\/uploads\/2019\/11\/DSC_0054-450x300.jpg 450w, https:\/\/jardinsamoena.be\/wp-content\/uploads\/2019\/11\/DSC_0054.jpg 1620w\" sizes=\"auto, (max-width: 1024px) 100vw, 1024px\" \/><\/figure>\n\n\n\n<p>Ce qui le rend tr\u00e8s int\u00e9ressant est la mani\u00e8re dont il pousse, comme un petit arbuste d&#8217;un m\u00e8tre en tous sens qui bien s\u00fbr dispara\u00eet compl\u00e8tement en hiver. Mais il y a aussi un autre avantage TRES int\u00e9ressant. Cette photo a \u00e9t\u00e9 prise aujourd&#8217;hui, quasi mi-novembre, et la plante garde sa beaut\u00e9 intacte l\u00e0 o\u00f9 d&#8217;autres comme les hostas forment d\u00e9j\u00e0 une bouillasse destin\u00e9e aux cantines des gast\u00e9ropodes.<\/p>\n\n\n\n<figure class=\"wp-block-image\"><img loading=\"lazy\" decoding=\"async\" width=\"1024\" height=\"576\" src=\"https:\/\/jardinsamoena.be\/wp-content\/uploads\/2019\/11\/IMG_0773-1024x576.jpg\" alt=\"\" class=\"wp-image-1872\" srcset=\"https:\/\/jardinsamoena.be\/wp-content\/uploads\/2019\/11\/IMG_0773-1024x576.jpg 1024w, https:\/\/jardinsamoena.be\/wp-content\/uploads\/2019\/11\/IMG_0773-300x169.jpg 300w, https:\/\/jardinsamoena.be\/wp-content\/uploads\/2019\/11\/IMG_0773-768x432.jpg 768w, https:\/\/jardinsamoena.be\/wp-content\/uploads\/2019\/11\/IMG_0773-533x300.jpg 533w, https:\/\/jardinsamoena.be\/wp-content\/uploads\/2019\/11\/IMG_0773.jpg 1920w\" sizes=\"auto, (max-width: 1024px) 100vw, 1024px\" \/><\/figure>\n\n\n\n<figure class=\"wp-block-image\"><img loading=\"lazy\" decoding=\"async\" width=\"1024\" height=\"623\" src=\"https:\/\/jardinsamoena.be\/wp-content\/uploads\/2019\/11\/IMG_0774-1024x623.jpg\" alt=\"\" class=\"wp-image-1873\" srcset=\"https:\/\/jardinsamoena.be\/wp-content\/uploads\/2019\/11\/IMG_0774-1024x623.jpg 1024w, https:\/\/jardinsamoena.be\/wp-content\/uploads\/2019\/11\/IMG_0774-300x183.jpg 300w, https:\/\/jardinsamoena.be\/wp-content\/uploads\/2019\/11\/IMG_0774-768x468.jpg 768w, https:\/\/jardinsamoena.be\/wp-content\/uploads\/2019\/11\/IMG_0774-493x300.jpg 493w, https:\/\/jardinsamoena.be\/wp-content\/uploads\/2019\/11\/IMG_0774.jpg 1774w\" sizes=\"auto, (max-width: 1024px) 100vw, 1024px\" \/><\/figure>\n\n\n\n<p> La feuille ressemble fortement \u00e0 celle de l&#8217;ortie mais d&#8217;un vert plus profond et d&#8217;aspect plus solide. Rusticit\u00e9 parfaite, mais pensez \u00e0 le planter \u00e0 la mi-ombre (pas l&#8217;ombre compl\u00e8te si vous voulez beaucoup de blanc) dans un sol qui reste frais en \u00e9t\u00e9 bien qu&#8217;il soit assez adaptable. A la fin de l&#8217;\u00e9t\u00e9 des \u00e9pis floraux apparaissent mais ne vous attendez pas \u00e0 des miracles. Les fleurs rose-gris sont minuscules et rappellent elles aussi vaguement celles des orties. La plante est dio\u00efque et ne se ress\u00e8mera donc pas, \u00e0 moins d&#8217;avoir un m\u00e2le et une femelle. La meilleure mani\u00e8re de le multiplier est tout simplement le bouturage, pas vraiment compliqu\u00e9.<\/p>\n\n\n\n<figure class=\"wp-block-image\"><img loading=\"lazy\" decoding=\"async\" width=\"768\" height=\"1024\" src=\"https:\/\/jardinsamoena.be\/wp-content\/uploads\/2019\/11\/IMG_0776-768x1024.jpg\" alt=\"\" class=\"wp-image-1877\" srcset=\"https:\/\/jardinsamoena.be\/wp-content\/uploads\/2019\/11\/IMG_0776-768x1024.jpg 768w, https:\/\/jardinsamoena.be\/wp-content\/uploads\/2019\/11\/IMG_0776-225x300.jpg 225w, https:\/\/jardinsamoena.be\/wp-content\/uploads\/2019\/11\/IMG_0776.jpg 810w\" sizes=\"auto, (max-width: 768px) 100vw, 768px\" \/><\/figure>\n\n\n\n<p><br><\/p>\n\n\n\n<p>Les \u00eeles Ryukyu \u00e0 l&#8217;extr\u00eame sud du Japon l&#8217;utilisaient comme fibre pour tisser des kimonos de grande valeur mais il s&#8217;agissait surtout du <em>Boehmeria nivea<\/em>. La fibre s&#8217;appelle la ramie que travaillaient les femmes autrefois pendant l&#8217;hiver quand il n&#8217;y avait plus de travaux aux champs. Malgr\u00e9 son apparence robuste, elles parvenaient \u00e0 pr\u00e9lever de tr\u00e8s fines fibres \u00e0 la main avant d&#8217;entamer un long processus de transformation. Il faut pr\u00e8s de mille fibres pour constituer un fil pourtant extr\u00eamement l\u00e9ger et robuste et qui permet de confectionner de tr\u00e8s fins kimonos a\u00e9r\u00e9s port\u00e9s en \u00e9t\u00e9. Plus d&#8217;un an s\u00e9pare la r\u00e9colte de la plante et le produit fini ! C&#8217;est dire le co\u00fbt tr\u00e8s \u00e9lev\u00e9 du tissu qui constituait la taxe fonci\u00e8re pr\u00e9lev\u00e9e par la province du sud de Kyushu, en charge de superviser la r\u00e9gion. Le v\u00eatement, souvent teint\u00e9 \u00e0 l&#8217;indigo, \u00e9tait ensuite revendu ou donn\u00e9 en cadeau somptueux \u00e0 l&#8217;Est de l&#8217;archipel.<\/p>\n\n\n\n<figure class=\"wp-block-image\"><img loading=\"lazy\" decoding=\"async\" width=\"570\" height=\"713\" src=\"https:\/\/jardinsamoena.be\/wp-content\/uploads\/2019\/11\/il_570xN.1618750408_g58j.jpg\" alt=\"\" class=\"wp-image-1875\" srcset=\"https:\/\/jardinsamoena.be\/wp-content\/uploads\/2019\/11\/il_570xN.1618750408_g58j.jpg 570w, https:\/\/jardinsamoena.be\/wp-content\/uploads\/2019\/11\/il_570xN.1618750408_g58j-240x300.jpg 240w\" sizes=\"auto, (max-width: 570px) 100vw, 570px\" \/><\/figure>\n\n\n\n<p>Ah j&#8217;oubliais&#8230; n&#8217;h\u00e9sitez pas \u00e0 pousser bobonne dans les boehmerias (une expression que vous devinez maintenant japonaise). La plante n&#8217;est absolument pas urticante et quand vous aurez racont\u00e9 l&#8217;histoire de la ramie \u00e0 grand-maman, elle vous pardonnera \u00e0 coup s\u00fbr. Enfin, toute ressemblance entre le bruxellois &#8216;boma&#8217; et la plante &#8216;boehmeria&#8217; est fortuite. Au Moyen-\u00c2ge \u00e0 Bruxelles, on pr\u00e9f\u00e9rait le Schaarlaken (qui a donn\u00e9 &#8216;\u00e9carlate&#8217; !), tissu de grand prix que ne portaient certainement pas les crapuleux des strotches mais plut\u00f4t les prout-ma-ch\u00e8re qui tenaient le haut du pav\u00e9.<\/p>\n\n\n\n<p><br><\/p>\n\n\n\n<p><\/p>\n","protected":false},"excerpt":{"rendered":"<p>FAUT PAS POUSSER BOBONNE ! Mais pourquoi diable avons-nous invent\u00e9 une expression qui flanque m\u00e9m\u00e9 dans les plantes urticantes ? C&#8217;est ce que Freud a nomm\u00e9 &#8216;de la g\u00e9rontopropulsion pr\u00e9m\u00e9dit\u00e9e&#8217;. Imaginez la sc\u00e8ne : gentille m\u00e9m\u00e9 admire ses dahlias et vlan, le sale gamin la pousse dans les orties pour exp\u00e9rimenter la pouss\u00e9e d&#8217;Archim\u00e8de car [&hellip;]<\/p>\n","protected":false},"author":3,"featured_media":1870,"comment_status":"open","ping_status":"closed","sticky":false,"template":"","format":"standard","meta":{"jetpack_post_was_ever_published":false,"_jetpack_newsletter_access":"","_jetpack_dont_email_post_to_subs":false,"_jetpack_newsletter_tier_id":0,"_jetpack_memberships_contains_paywalled_content":false,"_jetpack_memberships_contains_paid_content":false,"footnotes":"","jetpack_publicize_message":"","jetpack_publicize_feature_enabled":true,"jetpack_social_post_already_shared":true,"jetpack_social_options":{"image_generator_settings":{"template":"highway","default_image_id":0,"font":"","enabled":false},"version":2}},"categories":[1],"tags":[],"class_list":["post-1860","post","type-post","status-publish","format-standard","has-post-thumbnail","hentry","category-pour-ne-pas-se-planter"],"jetpack_publicize_connections":[],"jetpack_featured_media_url":"https:\/\/jardinsamoena.be\/wp-content\/uploads\/2019\/11\/DSC_0054.jpg","jetpack_sharing_enabled":true,"jetpack_shortlink":"https:\/\/wp.me\/paOiNJ-u0","_links":{"self":[{"href":"https:\/\/jardinsamoena.be\/index.php\/wp-json\/wp\/v2\/posts\/1860","targetHints":{"allow":["GET"]}}],"collection":[{"href":"https:\/\/jardinsamoena.be\/index.php\/wp-json\/wp\/v2\/posts"}],"about":[{"href":"https:\/\/jardinsamoena.be\/index.php\/wp-json\/wp\/v2\/types\/post"}],"author":[{"embeddable":true,"href":"https:\/\/jardinsamoena.be\/index.php\/wp-json\/wp\/v2\/users\/3"}],"replies":[{"embeddable":true,"href":"https:\/\/jardinsamoena.be\/index.php\/wp-json\/wp\/v2\/comments?post=1860"}],"version-history":[{"count":21,"href":"https:\/\/jardinsamoena.be\/index.php\/wp-json\/wp\/v2\/posts\/1860\/revisions"}],"predecessor-version":[{"id":1886,"href":"https:\/\/jardinsamoena.be\/index.php\/wp-json\/wp\/v2\/posts\/1860\/revisions\/1886"}],"wp:featuredmedia":[{"embeddable":true,"href":"https:\/\/jardinsamoena.be\/index.php\/wp-json\/wp\/v2\/media\/1870"}],"wp:attachment":[{"href":"https:\/\/jardinsamoena.be\/index.php\/wp-json\/wp\/v2\/media?parent=1860"}],"wp:term":[{"taxonomy":"category","embeddable":true,"href":"https:\/\/jardinsamoena.be\/index.php\/wp-json\/wp\/v2\/categories?post=1860"},{"taxonomy":"post_tag","embeddable":true,"href":"https:\/\/jardinsamoena.be\/index.php\/wp-json\/wp\/v2\/tags?post=1860"}],"curies":[{"name":"wp","href":"https:\/\/api.w.org\/{rel}","templated":true}]}}