{"id":2314,"date":"2020-02-25T16:39:20","date_gmt":"2020-02-25T15:39:20","guid":{"rendered":"https:\/\/jardinsamoena.be\/?p=2314"},"modified":"2020-02-25T16:39:20","modified_gmt":"2020-02-25T15:39:20","slug":"les-buddleia-menacent-notre-planete","status":"publish","type":"post","link":"https:\/\/jardinsamoena.be\/index.php\/2020\/02\/25\/les-buddleia-menacent-notre-planete\/","title":{"rendered":"Les Buddleia menacent notre plan\u00e8te"},"content":{"rendered":"\n<p class=\"has-text-color has-large-font-size has-vivid-green-cyan-color\"><strong>LES BUDDLEIA MENACENT NOTRE PLAN\u00c8TE<\/strong><\/p>\n\n\n\n<p>Et pour commencer, une petite phrase japonaise qui souligne une peinture ancienne et circonscrit le contenu de cet article :<\/p>\n\n\n\n<p>M\u00eame si la lune brille partout dans le monde<\/p>\n\n\n\n<p>ne laissant aucun coin sombre<\/p>\n\n\n\n<p>seulement ceux qui la contemple<\/p>\n\n\n\n<p>appr\u00e9cient sa sereine lumi\u00e8re.<\/p>\n\n\n\n<figure class=\"wp-block-image\"><img loading=\"lazy\" decoding=\"async\" width=\"959\" height=\"782\" src=\"https:\/\/jardinsamoena.be\/wp-content\/uploads\/2020\/02\/lune.jpg\" alt=\"\" class=\"wp-image-2324\" srcset=\"https:\/\/jardinsamoena.be\/wp-content\/uploads\/2020\/02\/lune.jpg 959w, https:\/\/jardinsamoena.be\/wp-content\/uploads\/2020\/02\/lune-300x245.jpg 300w, https:\/\/jardinsamoena.be\/wp-content\/uploads\/2020\/02\/lune-768x626.jpg 768w, https:\/\/jardinsamoena.be\/wp-content\/uploads\/2020\/02\/lune-368x300.jpg 368w\" sizes=\"auto, (max-width: 959px) 100vw, 959px\" \/><\/figure>\n\n\n\n<p>Je pr\u00e9f\u00e8re vous pr\u00e9venir avant que ce ne soit annonc\u00e9 dans la presse demain matin : j&#8217;ai couch\u00e9 avec la reine d&#8217;Angleterre. <\/p>\n\n\n\n<p>Je pense que \u00e7\u00e0 devrait passer sans trop de probl\u00e8me au travers du prisme de ces journalistes qui ne v\u00e9rifient pas leurs sources et publient n&#8217;importe quoi. Bon, je sais, l&#8217;affaire est tout \u00e0 fait plausible. Liza vient de rompre avec St\u00e9phane Bern, comme moi elle va chaque ann\u00e9e au Chelsea flower Show, et comme moi elle aime le gin, m\u00eame si j&#8217;ai du mal \u00e0 la suivre sur ce terrain.<\/p>\n\n\n\n<p>Tout aussi plausible, je viens d&#8217;apprendre que les buddleias sont dangereux pour la faune et la flore locale et qu&#8217;il faut imp\u00e9rativement les arracher de votre jardin. ILS MENACENT NOTRE PLAN\u00c8TE.  C&#8217;est une dame qui m&#8217;a alert\u00e9 hier en m&#8217;envoyant un mail, me demandant ce que j&#8217;en pensais. Ce n&#8217;est pas Mr Spock qui le dit mais via la presse le &#8216;cercle des naturalistes&#8217;. C&#8217;est qui ceux-l\u00e0 ? Des \u00e9co-botanico-moralisateurs ? Encore ? De quelle universit\u00e9 d\u00e9pendent-ils ? Steenokkerzeel-Naast-de-Kust ? Les universit\u00e9s&#8230; vous savez, ces lieux o\u00f9 on m\u00e8ne des recherches scientifiques, o\u00f9 l&#8217;on compare les r\u00e9sultats entre confr\u00e8res, o\u00f9 l&#8217;on mesure ses propos par des analyses s\u00e9rieuses. Car oui voil\u00e0, pour les &#8216;naturalistes&#8217; &#8216;ce sont soit-disant les scientifiques qui le disent : le Buddleia est un tueur !&#8217; Ben non, je ne trouve aucune \u00e9tude men\u00e9e par un chercheur cautionn\u00e9 par une v\u00e9n\u00e9rable institution qui d\u00e9montre ce que l&#8217;on veut &#8211; encore &#8211; nous faire croire. Facile de d\u00e9noncer, plus compliqu\u00e9 de r\u00e9fl\u00e9chir \u00e0 un compromis qui satisfasse tout le monde. <\/p>\n\n\n\n<p>p.s. : je n&#8217;ai rien contre les flamands. J&#8217;ai simplement choisi Steenokkerzeel parce que je trouve ce nom joli&#8230; et &#8216;naast de kust&#8217; le rend aussi fascinant qu&#8217;improbable.<\/p>\n\n\n\n<p>Les faits :<\/p>\n\n\n\n<p>Le buddleia est un arbuste invasif. <\/p>\n\n\n\n<p>Alors l\u00e0, \u00e0 l&#8217;\u00e9chelle de la famille des buddleias, c&#8217;est une grosse connerie, la premi\u00e8re. Seul le <em>Buddleia davidii<\/em> est incrimin\u00e9 et certains de ses cultivars. C&#8217;est vrai celui-l\u00e0 se ress\u00e8me. Pour l&#8217;\u00e9viter, choisissez des cultivars st\u00e9riles ou coupez les fleurs fan\u00e9es avant la diss\u00e9mination des graines. Et les graines pour les oiseaux alors ? Tant pis pour eux, c&#8217;en fera quelques-uns de moins qui ne viendront plus chier sur mon balcon.<\/p>\n\n\n\n<figure class=\"wp-block-image\"><img loading=\"lazy\" decoding=\"async\" width=\"1024\" height=\"680\" src=\"https:\/\/jardinsamoena.be\/wp-content\/uploads\/2020\/02\/longstock-pride-1024x680.jpg\" alt=\"\" class=\"wp-image-2331\" srcset=\"https:\/\/jardinsamoena.be\/wp-content\/uploads\/2020\/02\/longstock-pride-1024x680.jpg 1024w, https:\/\/jardinsamoena.be\/wp-content\/uploads\/2020\/02\/longstock-pride-300x199.jpg 300w, https:\/\/jardinsamoena.be\/wp-content\/uploads\/2020\/02\/longstock-pride-768x510.jpg 768w, https:\/\/jardinsamoena.be\/wp-content\/uploads\/2020\/02\/longstock-pride-452x300.jpg 452w, https:\/\/jardinsamoena.be\/wp-content\/uploads\/2020\/02\/longstock-pride.jpg 1100w\" sizes=\"auto, (max-width: 1024px) 100vw, 1024px\" \/><figcaption>Buddleia &#8216;Longstock Pride&#8217;, fleurs pourpre lumineux, parfum tr\u00e8s agr\u00e9able et moins sucr\u00e9 qu&#8217;\u00e0 l&#8217;habitude, tr\u00e8s florif\u00e8re<\/figcaption><\/figure>\n\n\n\n<p>Le Buddleia envahit nos campagnes ! <\/p>\n\n\n\n<p>En r\u00e9alit\u00e9 il s&#8217;agit, au m\u00eame titre que les bouleaux, d&#8217;un arbuste colonisateur qui s&#8217;installe dans les terrains nus (les terrains vagues, les lieux boulevers\u00e9s par l&#8217;homme) pour pr\u00e9parer le terrain  ensuite \u00e0 d&#8217;autres esp\u00e8ces plus grandes qui prendront la rel\u00e8ve et le feront dispara\u00eetre car le Buddleia ne supporte pas l&#8217;ombre.<\/p>\n\n\n\n<p>Le Buddleia ne produit pas beaucoup de sucre par rapport aux esp\u00e8ces autochtones et est un leurre \u00e0 papillons. <\/p>\n\n\n\n<p>Avant de diaboliser ce pauvre arbuste qui pousse au milieu de votre jardin et parmi de nombreuses esp\u00e8ces de plantes qui rempliront \u00e0 foison le petit ventre de nos butineurs, je voudrais conna\u00eetre le nombre de milliers d&#8217;hectares de zones cultiv\u00e9es en monoculture qui affament les insectes d\u00e8s leur \u00e9ph\u00e9m\u00e8re floraison pass\u00e9e.<\/p>\n\n\n\n<figure class=\"wp-block-image\"><img loading=\"lazy\" decoding=\"async\" width=\"1024\" height=\"683\" src=\"https:\/\/jardinsamoena.be\/wp-content\/uploads\/2020\/02\/alternifolia-1024x683.jpg\" alt=\"\" class=\"wp-image-2332\" srcset=\"https:\/\/jardinsamoena.be\/wp-content\/uploads\/2020\/02\/alternifolia-1024x683.jpg 1024w, https:\/\/jardinsamoena.be\/wp-content\/uploads\/2020\/02\/alternifolia-300x200.jpg 300w, https:\/\/jardinsamoena.be\/wp-content\/uploads\/2020\/02\/alternifolia-768x512.jpg 768w, https:\/\/jardinsamoena.be\/wp-content\/uploads\/2020\/02\/alternifolia-450x300.jpg 450w, https:\/\/jardinsamoena.be\/wp-content\/uploads\/2020\/02\/alternifolia.jpg 1900w\" sizes=\"auto, (max-width: 1024px) 100vw, 1024px\" \/><figcaption><em>Buddleia alternifolia<\/em> Argentea, superbe port pleureur, feuillage argent\u00e9. Floraison pr\u00e9coce en mai-juin contrairement aux classiques floraisons estivales. Si vous plantez le cultivar <em>B.<\/em> <em>alternifolia<\/em> &#8216;Unique&#8217;&#8230; il est st\u00e9rile !<\/figcaption><\/figure>\n\n\n\n<p>La fleur de Buddleia contient de la caf\u00e9ine. Ben oui, le coca aussi. A moins de se shooter du matin au soir de ces boissons, je n&#8217;ai pas encore vu d&#8217;ados boutonneux exploser au coin des rues. Dans un jardin, dans un environnement SAIN, l&#8217;animal passe d&#8217;un arbre \u00e0 l&#8217;autre et picore \u00e0 gauche \u00e0 droite \u00e0 sati\u00e9t\u00e9. J&#8217;aimerais donc que l&#8217;on me d\u00e9montre, ETUDE SCIENTIFIQUE \u00e0 l&#8217;appui, o\u00f9 est le probl\u00e8me. Et je veux des noms. C\u00e0 ne sert donc \u00e0 rien de commenter cet article par &#8216;ma cousine la copine du facteur a dit que&#8217;. D&#8217;ailleurs, si elle est la copine du facteur c&#8217;est d\u00e9j\u00e0 louche car elle risque d&#8217;avoir les moeurs d&#8217;une chatte de goutti\u00e8re.<\/p>\n\n\n\n<figure class=\"wp-block-image\"><img loading=\"lazy\" decoding=\"async\" width=\"1024\" height=\"732\" src=\"https:\/\/jardinsamoena.be\/wp-content\/uploads\/2020\/02\/Buddleja_davidii_Autumn_Beauty_panicle_1-1024x732.jpg\" alt=\"\" class=\"wp-image-2337\" srcset=\"https:\/\/jardinsamoena.be\/wp-content\/uploads\/2020\/02\/Buddleja_davidii_Autumn_Beauty_panicle_1-1024x732.jpg 1024w, https:\/\/jardinsamoena.be\/wp-content\/uploads\/2020\/02\/Buddleja_davidii_Autumn_Beauty_panicle_1-300x214.jpg 300w, https:\/\/jardinsamoena.be\/wp-content\/uploads\/2020\/02\/Buddleja_davidii_Autumn_Beauty_panicle_1-768x549.jpg 768w, https:\/\/jardinsamoena.be\/wp-content\/uploads\/2020\/02\/Buddleja_davidii_Autumn_Beauty_panicle_1-420x300.jpg 420w\" sizes=\"auto, (max-width: 1024px) 100vw, 1024px\" \/><figcaption><em>Buddleia davidii<\/em> &#8216;Autumn Beauty&#8217;, fleurit de ao\u00fbt \u00e0 octobre ! Il existe des arbustes st\u00e9riles comme le <em>B. davidii<\/em> &#8216;Asian Moon&#8217;, et il y en a d&#8217;autres&#8230;<\/figcaption><\/figure>\n\n\n\n<p>La feuille de Buddleia est toxique pour les larves d&#8217;insectes. <\/p>\n\n\n\n<p>Bon sang, vous les prenez vraiment pour des d\u00e9biles les hannetons ? Ce n&#8217;est pas parce qu&#8217;un humain ne sait pas faire la diff\u00e9rence entre une cigu\u00eb et un framboisier qu&#8217;il faut prendre les insectes pour des demeur\u00e9s. Vous croyez vraiment qu&#8217;ils ne savent pas o\u00f9 il faut pondre ?<\/p>\n\n\n\n<figure class=\"wp-block-image\"><img loading=\"lazy\" decoding=\"async\" width=\"1024\" height=\"614\" src=\"https:\/\/jardinsamoena.be\/wp-content\/uploads\/2020\/02\/weyeriana-1024x614.jpg\" alt=\"\" class=\"wp-image-2333\" srcset=\"https:\/\/jardinsamoena.be\/wp-content\/uploads\/2020\/02\/weyeriana-1024x614.jpg 1024w, https:\/\/jardinsamoena.be\/wp-content\/uploads\/2020\/02\/weyeriana-300x180.jpg 300w, https:\/\/jardinsamoena.be\/wp-content\/uploads\/2020\/02\/weyeriana-768x461.jpg 768w, https:\/\/jardinsamoena.be\/wp-content\/uploads\/2020\/02\/weyeriana-500x300.jpg 500w\" sizes=\"auto, (max-width: 1024px) 100vw, 1024px\" \/><figcaption><em>Buddleia<\/em> x <em>weyeriana<\/em> &#8216;Sungold&#8217;, fleurs jaune orang\u00e9, tr\u00e8s parfum\u00e9. Ne se ress\u00e8me pas.<\/figcaption><\/figure>\n\n\n\n<p>S&#8217;il est bien une esp\u00e8ce qui prolif\u00e8re et menace le monde, c&#8217;est l&#8217;\u00eatre humain qui d\u00e9figure son environnement pour son petit profit. Nous sommes dans une \u00e9poque o\u00f9 on diabolise tout, r\u00e9pand des informations sans les v\u00e9rifier et dogmatise ce que nous devons et ne devons pas faire. Les plantes invasives sont donc devenues dans le monde v\u00e9g\u00e9tal ce que sont les immigr\u00e9s chez les humains. Pourtant, tous deux apportent leur pierre \u00e0 l&#8217;\u00e9difice depuis l&#8217;aube de la pr\u00e9histoire. Adamo en sait quelque chose (pas de la pr\u00e9histoire hein !). Cette chasse aux sorci\u00e8res est troublante et typique de notre soci\u00e9t\u00e9. Sans doute pas plus importante qu&#8217;auparavant mais plus largement diffus\u00e9e par une inqui\u00e9tante plateforme d&#8217;audience qui permet \u00e0 tout p\u00e9quenot de se prendre pour Einstein.<\/p>\n\n\n\n<figure class=\"wp-block-image\"><img loading=\"lazy\" decoding=\"async\" width=\"960\" height=\"894\" src=\"https:\/\/jardinsamoena.be\/wp-content\/uploads\/2020\/02\/globosa.jpg\" alt=\"\" class=\"wp-image-2334\" srcset=\"https:\/\/jardinsamoena.be\/wp-content\/uploads\/2020\/02\/globosa.jpg 960w, https:\/\/jardinsamoena.be\/wp-content\/uploads\/2020\/02\/globosa-300x279.jpg 300w, https:\/\/jardinsamoena.be\/wp-content\/uploads\/2020\/02\/globosa-768x715.jpg 768w, https:\/\/jardinsamoena.be\/wp-content\/uploads\/2020\/02\/globosa-322x300.jpg 322w\" sizes=\"auto, (max-width: 960px) 100vw, 960px\" \/><figcaption><em>Buddleia globosa<\/em>, fleurs globulaires orang\u00e9es. L\u00e9ger parfum. Floraison fin de printemps. Peu connu et pourtant l&#8217;une des premi\u00e8res introductions au 18\u00e8me si\u00e8cle. Origine sud-am\u00e9ricaine contrairement aux autres asiatiques. Ne se ress\u00e8me pas chez nous.<\/figcaption><\/figure>\n\n\n\n<p>Alors sachez-le, l&#8217;invasion des buddl\u00e9ias ne me pr\u00e9occupe pas et je continuerai d&#8217;en planter dans mon jardin. Attention toutefois \u00e0 leur rusticit\u00e9 qui n&#8217;est pas toujours au rendez-vous. Vous pourrez trouver de belles alternatives au fil des photos de cet article.<\/p>\n\n\n\n<p>Aussi, je vous conseille si vous \u00eates de passage en Angleterre d&#8217;aller visiter Longstock dans le Hampshire qui poss\u00e8de la collection nationale de buddl\u00e9ias et de cl\u00e9matites viticella.<\/p>\n\n\n\n<p><\/p>\n","protected":false},"excerpt":{"rendered":"<p>LES BUDDLEIA MENACENT NOTRE PLAN\u00c8TE Et pour commencer, une petite phrase japonaise qui souligne une peinture ancienne et circonscrit le contenu de cet article : M\u00eame si la lune brille partout dans le monde ne laissant aucun coin sombre seulement ceux qui la contemple appr\u00e9cient sa sereine lumi\u00e8re. Je pr\u00e9f\u00e8re vous pr\u00e9venir avant que ce [&hellip;]<\/p>\n","protected":false},"author":3,"featured_media":2324,"comment_status":"open","ping_status":"closed","sticky":false,"template":"","format":"standard","meta":{"jetpack_post_was_ever_published":false,"_jetpack_newsletter_access":"","_jetpack_dont_email_post_to_subs":false,"_jetpack_newsletter_tier_id":0,"_jetpack_memberships_contains_paywalled_content":false,"_jetpack_memberships_contains_paid_content":false,"footnotes":"","jetpack_publicize_message":"","jetpack_publicize_feature_enabled":true,"jetpack_social_post_already_shared":true,"jetpack_social_options":{"image_generator_settings":{"template":"highway","default_image_id":0,"font":"","enabled":false},"version":2}},"categories":[1],"tags":[],"class_list":["post-2314","post","type-post","status-publish","format-standard","has-post-thumbnail","hentry","category-pour-ne-pas-se-planter"],"jetpack_publicize_connections":[],"jetpack_featured_media_url":"https:\/\/jardinsamoena.be\/wp-content\/uploads\/2020\/02\/lune.jpg","jetpack_sharing_enabled":true,"jetpack_shortlink":"https:\/\/wp.me\/paOiNJ-Bk","_links":{"self":[{"href":"https:\/\/jardinsamoena.be\/index.php\/wp-json\/wp\/v2\/posts\/2314","targetHints":{"allow":["GET"]}}],"collection":[{"href":"https:\/\/jardinsamoena.be\/index.php\/wp-json\/wp\/v2\/posts"}],"about":[{"href":"https:\/\/jardinsamoena.be\/index.php\/wp-json\/wp\/v2\/types\/post"}],"author":[{"embeddable":true,"href":"https:\/\/jardinsamoena.be\/index.php\/wp-json\/wp\/v2\/users\/3"}],"replies":[{"embeddable":true,"href":"https:\/\/jardinsamoena.be\/index.php\/wp-json\/wp\/v2\/comments?post=2314"}],"version-history":[{"count":18,"href":"https:\/\/jardinsamoena.be\/index.php\/wp-json\/wp\/v2\/posts\/2314\/revisions"}],"predecessor-version":[{"id":2339,"href":"https:\/\/jardinsamoena.be\/index.php\/wp-json\/wp\/v2\/posts\/2314\/revisions\/2339"}],"wp:featuredmedia":[{"embeddable":true,"href":"https:\/\/jardinsamoena.be\/index.php\/wp-json\/wp\/v2\/media\/2324"}],"wp:attachment":[{"href":"https:\/\/jardinsamoena.be\/index.php\/wp-json\/wp\/v2\/media?parent=2314"}],"wp:term":[{"taxonomy":"category","embeddable":true,"href":"https:\/\/jardinsamoena.be\/index.php\/wp-json\/wp\/v2\/categories?post=2314"},{"taxonomy":"post_tag","embeddable":true,"href":"https:\/\/jardinsamoena.be\/index.php\/wp-json\/wp\/v2\/tags?post=2314"}],"curies":[{"name":"wp","href":"https:\/\/api.w.org\/{rel}","templated":true}]}}