{"id":2487,"date":"2020-03-15T09:24:01","date_gmt":"2020-03-15T08:24:01","guid":{"rendered":"https:\/\/jardinsamoena.be\/?p=2487"},"modified":"2020-03-15T09:26:24","modified_gmt":"2020-03-15T08:26:24","slug":"conseil-de-taille-et-de-pq","status":"publish","type":"post","link":"https:\/\/jardinsamoena.be\/index.php\/2020\/03\/15\/conseil-de-taille-et-de-pq\/","title":{"rendered":"Conseil de taille et de PQ"},"content":{"rendered":"\n<p class=\"has-text-color has-large-font-size has-vivid-green-cyan-color\"><b>CONSEIL DE TAILLE ET DE PQ<\/b><\/p>\n\n\n\n<p>Eh toi aussi tu as des probl\u00e8mes d\u2019approvisionnement dans ta grande surface pr\u00e9f\u00e9r\u00e9e ? Alors j\u2019ai un conseil de taille \u00e0 te donner. Si comme chez moi les rayons de PQ sont vides, inutile de se lamenter. R\u00e9fl\u00e9chis un peu et fait marcher tes \u2018 little grey cells, mon ami\u2019.  J\u2019ai un super truc auquel personne ne pense. Utilisons plut\u00f4t le papier pour imprimante. Il n\u2019y a que des avantages. D\u2019abord la surface est bien plus grande. Je trouve \u00e7\u00e0 donc bien plus hygi\u00e9nique. Ensuite, on peut utiliser plusieurs grammages selon les n\u00e9cessit\u00e9s du moment. Il est donc possible d\u2019avoir plusieurs \u00e9paisseurs, opacit\u00e9s et durabilit\u00e9s. Deux conseils tout de m\u00eame : utiliser bien les feuilles dans le sens de la fibre du bois. \u00c9vitez absolument la tranche. Enfin, le grammage 130 grammes co\u00fbte un peu plus cher mais vous pouvez r\u00e9utiliser plusieurs fois le papier. Vous ferez ainsi un bon geste (ou plusieurs) pour la plan\u00e8te.<\/p>\n\n\n\n<p>Mais vous allez me dire : que faire quand il n\u2019y aura plus de papier pour imprimante ? Ben, c\u2019est facile. Comme on n\u2019est pas en p\u00e9riode de f\u00eates, les rayons de papier cadeau sont pleins. J\u2019ai cependant test\u00e9 pour vous hier et j\u2019ai un grand conseil \u00e0 vous donner. \u00c9vitez le papier \u00e0 paillettes. Je ne m\u2019\u00e9tais rendu compte de rien mais ce matin Guy me dit : tu sais quoi ? J\u2019ai r\u00eav\u00e9 que c\u2019\u00e9tait No\u00ebl hier. J\u2019ai vu deux boules scintillantes se promener dans la chambre\u2019. Bon&#8230;. si vous le voyez&#8230; vous ne lui dites rien, hein ?<\/p>\n\n\n\n<p>A part \u00e7\u00e0, j\u2019ai encore des conseils  de taille \u00e0 vous donner. Les gens n\u2019osent pas tailler leurs arbres de peur de les d\u00e9figurer ou de les faire mourir. Or il n\u2019y que des avantages \u00e0 tailler et pas que pour contenir le d\u00e9veloppement du v\u00e9g\u00e9tal. <br>L\u2019architecture de l\u2019arbuste est bien plus belle en hiver comme le montre cet exemple de Stewartia \u2018avant et apr\u00e8s\u2019.<\/p>\n\n\n\n<figure class=\"wp-block-image\"><img loading=\"lazy\" decoding=\"async\" width=\"1024\" height=\"768\" src=\"https:\/\/jardinsamoena.be\/wp-content\/uploads\/2020\/03\/29438C64-079A-474C-8542-18C6341CE851-1024x768.jpeg\" alt=\"\" class=\"wp-image-2489\" srcset=\"https:\/\/jardinsamoena.be\/wp-content\/uploads\/2020\/03\/29438C64-079A-474C-8542-18C6341CE851-1024x768.jpeg 1024w, https:\/\/jardinsamoena.be\/wp-content\/uploads\/2020\/03\/29438C64-079A-474C-8542-18C6341CE851-300x225.jpeg 300w, https:\/\/jardinsamoena.be\/wp-content\/uploads\/2020\/03\/29438C64-079A-474C-8542-18C6341CE851-768x576.jpeg 768w, https:\/\/jardinsamoena.be\/wp-content\/uploads\/2020\/03\/29438C64-079A-474C-8542-18C6341CE851-400x300.jpeg 400w, https:\/\/jardinsamoena.be\/wp-content\/uploads\/2020\/03\/29438C64-079A-474C-8542-18C6341CE851.jpeg 1080w\" sizes=\"auto, (max-width: 1024px) 100vw, 1024px\" \/><\/figure>\n\n\n\n<figure class=\"wp-block-image\"><img loading=\"lazy\" decoding=\"async\" width=\"1024\" height=\"768\" src=\"https:\/\/jardinsamoena.be\/wp-content\/uploads\/2020\/03\/B4711E85-0F40-4EA5-A7D0-77189C12A194-1024x768.jpeg\" alt=\"\" class=\"wp-image-2490\" srcset=\"https:\/\/jardinsamoena.be\/wp-content\/uploads\/2020\/03\/B4711E85-0F40-4EA5-A7D0-77189C12A194-1024x768.jpeg 1024w, https:\/\/jardinsamoena.be\/wp-content\/uploads\/2020\/03\/B4711E85-0F40-4EA5-A7D0-77189C12A194-300x225.jpeg 300w, https:\/\/jardinsamoena.be\/wp-content\/uploads\/2020\/03\/B4711E85-0F40-4EA5-A7D0-77189C12A194-768x576.jpeg 768w, https:\/\/jardinsamoena.be\/wp-content\/uploads\/2020\/03\/B4711E85-0F40-4EA5-A7D0-77189C12A194-400x300.jpeg 400w, https:\/\/jardinsamoena.be\/wp-content\/uploads\/2020\/03\/B4711E85-0F40-4EA5-A7D0-77189C12A194.jpeg 1080w\" sizes=\"auto, (max-width: 1024px) 100vw, 1024px\" \/><\/figure>\n\n\n\n<figure class=\"wp-block-image\"><img loading=\"lazy\" decoding=\"async\" width=\"1024\" height=\"768\" src=\"https:\/\/jardinsamoena.be\/wp-content\/uploads\/2020\/03\/339EE9E5-2D05-4318-B104-F8E8400954A2-1024x768.jpeg\" alt=\"\" class=\"wp-image-2491\" srcset=\"https:\/\/jardinsamoena.be\/wp-content\/uploads\/2020\/03\/339EE9E5-2D05-4318-B104-F8E8400954A2-1024x768.jpeg 1024w, https:\/\/jardinsamoena.be\/wp-content\/uploads\/2020\/03\/339EE9E5-2D05-4318-B104-F8E8400954A2-300x225.jpeg 300w, https:\/\/jardinsamoena.be\/wp-content\/uploads\/2020\/03\/339EE9E5-2D05-4318-B104-F8E8400954A2-768x576.jpeg 768w, https:\/\/jardinsamoena.be\/wp-content\/uploads\/2020\/03\/339EE9E5-2D05-4318-B104-F8E8400954A2-400x300.jpeg 400w, https:\/\/jardinsamoena.be\/wp-content\/uploads\/2020\/03\/339EE9E5-2D05-4318-B104-F8E8400954A2.jpeg 1080w\" sizes=\"auto, (max-width: 1024px) 100vw, 1024px\" \/><figcaption>La taille consiste \u00e0 enlever les brindilles, puis couper au niveau d\u2019un oeil int\u00e9rieur qui oblige la nouvelle pousse \u00e0 repartir \u00e0 l\u2019horizontale en changeant de direction&#8230;.<\/figcaption><\/figure>\n\n\n\n<figure class=\"wp-block-image\"><img loading=\"lazy\" decoding=\"async\" width=\"1024\" height=\"768\" src=\"https:\/\/jardinsamoena.be\/wp-content\/uploads\/2020\/03\/37BA73F0-9C05-4EA9-82A5-AB35C7A7FE64-1024x768.jpeg\" alt=\"\" class=\"wp-image-2494\" srcset=\"https:\/\/jardinsamoena.be\/wp-content\/uploads\/2020\/03\/37BA73F0-9C05-4EA9-82A5-AB35C7A7FE64-1024x768.jpeg 1024w, https:\/\/jardinsamoena.be\/wp-content\/uploads\/2020\/03\/37BA73F0-9C05-4EA9-82A5-AB35C7A7FE64-300x225.jpeg 300w, https:\/\/jardinsamoena.be\/wp-content\/uploads\/2020\/03\/37BA73F0-9C05-4EA9-82A5-AB35C7A7FE64-768x576.jpeg 768w, https:\/\/jardinsamoena.be\/wp-content\/uploads\/2020\/03\/37BA73F0-9C05-4EA9-82A5-AB35C7A7FE64-400x300.jpeg 400w, https:\/\/jardinsamoena.be\/wp-content\/uploads\/2020\/03\/37BA73F0-9C05-4EA9-82A5-AB35C7A7FE64.jpeg 1080w\" sizes=\"auto, (max-width: 1024px) 100vw, 1024px\" \/><\/figure>\n\n\n\n<figure class=\"wp-block-image\"><img loading=\"lazy\" decoding=\"async\" width=\"768\" height=\"1024\" src=\"https:\/\/jardinsamoena.be\/wp-content\/uploads\/2020\/03\/EE675DC3-5D2A-48B2-8E24-BE0327AAA784-768x1024.jpeg\" alt=\"\" class=\"wp-image-2493\" srcset=\"https:\/\/jardinsamoena.be\/wp-content\/uploads\/2020\/03\/EE675DC3-5D2A-48B2-8E24-BE0327AAA784-768x1024.jpeg 768w, https:\/\/jardinsamoena.be\/wp-content\/uploads\/2020\/03\/EE675DC3-5D2A-48B2-8E24-BE0327AAA784-225x300.jpeg 225w, https:\/\/jardinsamoena.be\/wp-content\/uploads\/2020\/03\/EE675DC3-5D2A-48B2-8E24-BE0327AAA784.jpeg 1080w\" sizes=\"auto, (max-width: 768px) 100vw, 768px\" \/><figcaption>&#8230;au fil du temps, vous obtenez ainsi un effet de cascade comme une s\u00e9rie de \u2018ponts\u2019 ou de vagues qui vont s\u2019\u00e9taler \u00e0 I\u2019infini en effet parapluie<\/figcaption><\/figure>\n\n\n\n<figure class=\"wp-block-image\"><img loading=\"lazy\" decoding=\"async\" width=\"1024\" height=\"768\" src=\"https:\/\/jardinsamoena.be\/wp-content\/uploads\/2020\/03\/7F364720-8476-4FF9-A485-2475733069B6-1024x768.jpeg\" alt=\"\" class=\"wp-image-2497\" srcset=\"https:\/\/jardinsamoena.be\/wp-content\/uploads\/2020\/03\/7F364720-8476-4FF9-A485-2475733069B6-1024x768.jpeg 1024w, https:\/\/jardinsamoena.be\/wp-content\/uploads\/2020\/03\/7F364720-8476-4FF9-A485-2475733069B6-300x225.jpeg 300w, https:\/\/jardinsamoena.be\/wp-content\/uploads\/2020\/03\/7F364720-8476-4FF9-A485-2475733069B6-768x576.jpeg 768w, https:\/\/jardinsamoena.be\/wp-content\/uploads\/2020\/03\/7F364720-8476-4FF9-A485-2475733069B6-400x300.jpeg 400w, https:\/\/jardinsamoena.be\/wp-content\/uploads\/2020\/03\/7F364720-8476-4FF9-A485-2475733069B6.jpeg 1080w\" sizes=\"auto, (max-width: 1024px) 100vw, 1024px\" \/><figcaption>C\u2019est comme si on l\u2019avait transform\u00e9 en mini saule pleureur.<\/figcaption><\/figure>\n\n\n\n<p>La taille permet de r\u00e9v\u00e9ler la beaut\u00e9 des troncs, sinon cach\u00e9s par les tiges lat\u00e9rales basses. Il faut cependant le faire d\u00e8s le jeune \u00e2ge.<\/p>\n\n\n\n<figure class=\"wp-block-image\"><img loading=\"lazy\" decoding=\"async\" width=\"480\" height=\"640\" src=\"https:\/\/jardinsamoena.be\/wp-content\/uploads\/2020\/03\/EF03514C-9B6A-40F6-9A46-BA6CF8E274CB.jpeg\" alt=\"\" class=\"wp-image-2498\" srcset=\"https:\/\/jardinsamoena.be\/wp-content\/uploads\/2020\/03\/EF03514C-9B6A-40F6-9A46-BA6CF8E274CB.jpeg 480w, https:\/\/jardinsamoena.be\/wp-content\/uploads\/2020\/03\/EF03514C-9B6A-40F6-9A46-BA6CF8E274CB-225x300.jpeg 225w\" sizes=\"auto, (max-width: 480px) 100vw, 480px\" \/><figcaption><i>Viburnum globosum<\/i> \u2018Jermyns Globe\u2019<\/figcaption><\/figure>\n\n\n\n<figure class=\"wp-block-image\"><img loading=\"lazy\" decoding=\"async\" width=\"480\" height=\"640\" src=\"https:\/\/jardinsamoena.be\/wp-content\/uploads\/2020\/03\/8CB62DD3-0CE2-4A2E-9190-6F48E44184F4.jpeg\" alt=\"\" class=\"wp-image-2499\" srcset=\"https:\/\/jardinsamoena.be\/wp-content\/uploads\/2020\/03\/8CB62DD3-0CE2-4A2E-9190-6F48E44184F4.jpeg 480w, https:\/\/jardinsamoena.be\/wp-content\/uploads\/2020\/03\/8CB62DD3-0CE2-4A2E-9190-6F48E44184F4-225x300.jpeg 225w\" sizes=\"auto, (max-width: 480px) 100vw, 480px\" \/><figcaption>Lagerstroemia \u2018Terre Chinoise\u2019<\/figcaption><\/figure>\n\n\n\n<figure class=\"wp-block-image\"><img loading=\"lazy\" decoding=\"async\" width=\"480\" height=\"640\" src=\"https:\/\/jardinsamoena.be\/wp-content\/uploads\/2020\/03\/95BE9747-B9A5-410A-BA73-4EB554AE7597.jpeg\" alt=\"\" class=\"wp-image-2500\" srcset=\"https:\/\/jardinsamoena.be\/wp-content\/uploads\/2020\/03\/95BE9747-B9A5-410A-BA73-4EB554AE7597.jpeg 480w, https:\/\/jardinsamoena.be\/wp-content\/uploads\/2020\/03\/95BE9747-B9A5-410A-BA73-4EB554AE7597-225x300.jpeg 225w\" sizes=\"auto, (max-width: 480px) 100vw, 480px\" \/><\/figure>\n\n\n\n<figure class=\"wp-block-image\"><img loading=\"lazy\" decoding=\"async\" width=\"768\" height=\"1024\" src=\"https:\/\/jardinsamoena.be\/wp-content\/uploads\/2020\/03\/BC6C378A-113A-4908-86BA-7236CEEBBBA0-768x1024.jpeg\" alt=\"\" class=\"wp-image-2505\" srcset=\"https:\/\/jardinsamoena.be\/wp-content\/uploads\/2020\/03\/BC6C378A-113A-4908-86BA-7236CEEBBBA0-768x1024.jpeg 768w, https:\/\/jardinsamoena.be\/wp-content\/uploads\/2020\/03\/BC6C378A-113A-4908-86BA-7236CEEBBBA0-225x300.jpeg 225w, https:\/\/jardinsamoena.be\/wp-content\/uploads\/2020\/03\/BC6C378A-113A-4908-86BA-7236CEEBBBA0.jpeg 1080w\" sizes=\"auto, (max-width: 768px) 100vw, 768px\" \/><figcaption><i>Acer griseum<\/i><\/figcaption><\/figure>\n\n\n\n<p>Enfin, la taille permet \u00e0 la lumi\u00e8re de traverser la ramure, sans quoi les branches congestionn\u00e9es meurent. La lumi\u00e8re descend au sol pour les vivaces et l\u2019absence de branches basses lib\u00e8re de la place dans le parterre.<\/p>\n\n\n\n<figure class=\"wp-block-image\"><img loading=\"lazy\" decoding=\"async\" width=\"1024\" height=\"768\" src=\"https:\/\/jardinsamoena.be\/wp-content\/uploads\/2020\/03\/DA15C224-BA29-44F5-8EA7-E3D76FFC3638-1024x768.jpeg\" alt=\"\" class=\"wp-image-2507\" srcset=\"https:\/\/jardinsamoena.be\/wp-content\/uploads\/2020\/03\/DA15C224-BA29-44F5-8EA7-E3D76FFC3638-1024x768.jpeg 1024w, https:\/\/jardinsamoena.be\/wp-content\/uploads\/2020\/03\/DA15C224-BA29-44F5-8EA7-E3D76FFC3638-300x225.jpeg 300w, https:\/\/jardinsamoena.be\/wp-content\/uploads\/2020\/03\/DA15C224-BA29-44F5-8EA7-E3D76FFC3638-768x576.jpeg 768w, https:\/\/jardinsamoena.be\/wp-content\/uploads\/2020\/03\/DA15C224-BA29-44F5-8EA7-E3D76FFC3638-400x300.jpeg 400w, https:\/\/jardinsamoena.be\/wp-content\/uploads\/2020\/03\/DA15C224-BA29-44F5-8EA7-E3D76FFC3638.jpeg 1080w\" sizes=\"auto, (max-width: 1024px) 100vw, 1024px\" \/><figcaption><i>Prunus x yedoensis<\/i><\/figcaption><\/figure>\n\n\n\n<figure class=\"wp-block-image\"><img loading=\"lazy\" decoding=\"async\" width=\"480\" height=\"640\" src=\"https:\/\/jardinsamoena.be\/wp-content\/uploads\/2020\/03\/7B16757A-F31D-4224-BB8F-EA541E7ECCA2.jpeg\" alt=\"\" class=\"wp-image-2509\" srcset=\"https:\/\/jardinsamoena.be\/wp-content\/uploads\/2020\/03\/7B16757A-F31D-4224-BB8F-EA541E7ECCA2.jpeg 480w, https:\/\/jardinsamoena.be\/wp-content\/uploads\/2020\/03\/7B16757A-F31D-4224-BB8F-EA541E7ECCA2-225x300.jpeg 225w\" sizes=\"auto, (max-width: 480px) 100vw, 480px\" \/><figcaption><em>Poncirus<\/em> <em>trifoliata<\/em> \u2018Flying Dragon\u2019<\/figcaption><\/figure>\n\n\n\n<figure class=\"wp-block-image\"><img loading=\"lazy\" decoding=\"async\" width=\"768\" height=\"1024\" src=\"https:\/\/jardinsamoena.be\/wp-content\/uploads\/2020\/03\/C9226FC3-A3EB-420A-8313-FC8039B5B9BF-768x1024.jpeg\" alt=\"\" class=\"wp-image-2510\" srcset=\"https:\/\/jardinsamoena.be\/wp-content\/uploads\/2020\/03\/C9226FC3-A3EB-420A-8313-FC8039B5B9BF-768x1024.jpeg 768w, https:\/\/jardinsamoena.be\/wp-content\/uploads\/2020\/03\/C9226FC3-A3EB-420A-8313-FC8039B5B9BF-225x300.jpeg 225w, https:\/\/jardinsamoena.be\/wp-content\/uploads\/2020\/03\/C9226FC3-A3EB-420A-8313-FC8039B5B9BF.jpeg 1080w\" sizes=\"auto, (max-width: 768px) 100vw, 768px\" \/><\/figure>\n","protected":false},"excerpt":{"rendered":"<p>CONSEIL DE TAILLE ET DE PQ Eh toi aussi tu as des probl\u00e8mes d\u2019approvisionnement dans ta grande surface pr\u00e9f\u00e9r\u00e9e ? Alors j\u2019ai un conseil de taille \u00e0 te donner. Si comme chez moi les rayons de PQ sont vides, inutile de se lamenter. R\u00e9fl\u00e9chis un peu et fait marcher tes \u2018 little grey cells, mon [&hellip;]<\/p>\n","protected":false},"author":3,"featured_media":2491,"comment_status":"open","ping_status":"closed","sticky":false,"template":"","format":"standard","meta":{"jetpack_post_was_ever_published":false,"_jetpack_newsletter_access":"","_jetpack_dont_email_post_to_subs":false,"_jetpack_newsletter_tier_id":0,"_jetpack_memberships_contains_paywalled_content":false,"_jetpack_memberships_contains_paid_content":false,"footnotes":"","jetpack_publicize_message":"","jetpack_publicize_feature_enabled":true,"jetpack_social_post_already_shared":true,"jetpack_social_options":{"image_generator_settings":{"template":"highway","default_image_id":0,"font":"","enabled":false},"version":2}},"categories":[1],"tags":[],"class_list":["post-2487","post","type-post","status-publish","format-standard","has-post-thumbnail","hentry","category-pour-ne-pas-se-planter"],"jetpack_publicize_connections":[],"jetpack_featured_media_url":"https:\/\/jardinsamoena.be\/wp-content\/uploads\/2020\/03\/339EE9E5-2D05-4318-B104-F8E8400954A2.jpeg","jetpack_sharing_enabled":true,"jetpack_shortlink":"https:\/\/wp.me\/paOiNJ-E7","_links":{"self":[{"href":"https:\/\/jardinsamoena.be\/index.php\/wp-json\/wp\/v2\/posts\/2487","targetHints":{"allow":["GET"]}}],"collection":[{"href":"https:\/\/jardinsamoena.be\/index.php\/wp-json\/wp\/v2\/posts"}],"about":[{"href":"https:\/\/jardinsamoena.be\/index.php\/wp-json\/wp\/v2\/types\/post"}],"author":[{"embeddable":true,"href":"https:\/\/jardinsamoena.be\/index.php\/wp-json\/wp\/v2\/users\/3"}],"replies":[{"embeddable":true,"href":"https:\/\/jardinsamoena.be\/index.php\/wp-json\/wp\/v2\/comments?post=2487"}],"version-history":[{"count":11,"href":"https:\/\/jardinsamoena.be\/index.php\/wp-json\/wp\/v2\/posts\/2487\/revisions"}],"predecessor-version":[{"id":2512,"href":"https:\/\/jardinsamoena.be\/index.php\/wp-json\/wp\/v2\/posts\/2487\/revisions\/2512"}],"wp:featuredmedia":[{"embeddable":true,"href":"https:\/\/jardinsamoena.be\/index.php\/wp-json\/wp\/v2\/media\/2491"}],"wp:attachment":[{"href":"https:\/\/jardinsamoena.be\/index.php\/wp-json\/wp\/v2\/media?parent=2487"}],"wp:term":[{"taxonomy":"category","embeddable":true,"href":"https:\/\/jardinsamoena.be\/index.php\/wp-json\/wp\/v2\/categories?post=2487"},{"taxonomy":"post_tag","embeddable":true,"href":"https:\/\/jardinsamoena.be\/index.php\/wp-json\/wp\/v2\/tags?post=2487"}],"curies":[{"name":"wp","href":"https:\/\/api.w.org\/{rel}","templated":true}]}}