{"id":3040,"date":"2020-04-17T07:38:44","date_gmt":"2020-04-17T05:38:44","guid":{"rendered":"https:\/\/jardinsamoena.be\/?p=3040"},"modified":"2020-04-17T07:56:17","modified_gmt":"2020-04-17T05:56:17","slug":"du-neuf-au-jardin","status":"publish","type":"post","link":"https:\/\/jardinsamoena.be\/index.php\/2020\/04\/17\/du-neuf-au-jardin\/","title":{"rendered":"Du neuf au jardin"},"content":{"rendered":"\n<p class=\"has-text-color has-large-font-size has-vivid-green-cyan-color\"><strong>DU NEUF AU JARDIN<\/strong><\/p>\n\n\n\n<p>Et voil\u00e0, on a d\u00e9cid\u00e9 de rouvrir les p\u00e9pini\u00e8res et les jardineries. Vous allez donc pouvoir planter en masse et moi ralentir ma cadence de publication \u00e0 une parution hebdomadaire, sans doute le dimanche, car vous avez du pain sur la planche&#8230; et moi aussi !<\/p>\n\n\n\n<p>D&#8217;ailleurs&#8230; quel b\u00eate titre. Du neuf au jardin&#8230; ben, au printemps il y a du neuf TOUS LES JOURS AU JARDIN. Ah, je sens que la fibre d\u2019originalit\u00e9 diminue \u00e0 grands pas. J\u2019entends d\u00e9j\u00e0 : ah Francis c\u2019\u00e9tait bien autrefois, mais son g\u00e9nie diminue.. il se r\u00e9p\u00e8te.. \u00e7\u00e0 ne pouvait pas durer&#8230; trop de gel alcoolo&#8230;  Bient\u00f4t, vous trouverez Evelyne Dheliat plus g\u00e9niale que moi. Enfin&#8230;. je l\u2019aime bien Evelyne&#8230; dix ans de plus que moi et \u00e0 chaque fois que je la vois j\u2019ai l\u2019impression que sa fille a pris sa place. Moi, en ces temps de confinement, j&#8217;arbore un look Rams\u00e8s II gonfl\u00e9 \u00e0 l\u2019h\u00e9lium dans la partie basse. C&#8217;est un peu comme si l&#8217;embaumeur s&#8217;\u00e9tait tromp\u00e9 et qu&#8217;il avait tout remis dedans, vases canopes y compris.<br>Bon, il est temps de se rattraper un peu. C\u2019est merveilleux ce matin et l\u2019intensit\u00e9 est difficile \u00e0 faire passer par des mots.<\/p>\n\n\n\n<p>Pour f\u00eater \u00e7\u00e0, dans le cycle &#8216;beau mariage&#8217;, voici un beau mariage.<\/p>\n\n\n\n<p>Il n&#8217;est pas toujours facile de combiner les plantes entre elles. Vont-elles fleurir ensemble, sont-elles faites pour s&#8217;entendre ? Si le jeu est plus simple avec des vivaces, qui par d\u00e9finition se d\u00e9placent facilement au besoin, le choix est plus d\u00e9licat pour les arbres et les arbustes amen\u00e9s \u00e0 vivre de nombreuses ann\u00e9es au m\u00eame endroit. On n&#8217;y pense pas souvent, mais un arbuste peut lui aussi mettre en valeur un arbre, m\u00eame si la p\u00e9riode d&#8217;int\u00e9r\u00eat se limite g\u00e9n\u00e9ralement \u00e0 leur floraison ou fructification concomitante. Comment trouvez-vous ce couple g\u00e9nial ? Il est important de contr\u00f4ler les p\u00e9riodes d&#8217;int\u00e9r\u00eat respectif, bien qu&#8217;une succession a  tout autant d&#8217;int\u00e9r\u00eat. Disons que l&#8217;effet est moins intense dans ce cas. Pour bien faire, surtout si le jardin est petit, il vaut mieux miser sur le long terme que sur l&#8217;\u00e9ph\u00e9m\u00e8re, bien qu&#8217;en r\u00e9fl\u00e9chissant un peu, cette strat\u00e9gie d\u00e9pend de la personne et non de l&#8217;absolu. Si vous aimez le coup d&#8217;\u00e9clat intense, oubliez ce que je viens de dire (vous comprenez comment on peut remplir ais\u00e9ment des lignes pour ne rien dire ?).<\/p>\n\n\n\n<p>Alors va pour le couple pommier\/groseillier. D&#8217;habitude, on essaie de vous refiler du jus de groseille mais il y a toujours de jus de pomme dans la bouteille&#8230; L&#8217;arnaque&#8230; Ici c&#8217;est 50\/50. Malus &#8216;Prairie Fire&#8217; et <em>Ribes<\/em> <em>gordonianum<\/em>.<\/p>\n\n\n\n<figure class=\"wp-block-image\"><img loading=\"lazy\" decoding=\"async\" width=\"1024\" height=\"768\" src=\"https:\/\/jardinsamoena.be\/wp-content\/uploads\/2020\/04\/IMG_2313-1024x768.jpg\" alt=\"\" class=\"wp-image-3042\" srcset=\"https:\/\/jardinsamoena.be\/wp-content\/uploads\/2020\/04\/IMG_2313-1024x768.jpg 1024w, https:\/\/jardinsamoena.be\/wp-content\/uploads\/2020\/04\/IMG_2313-300x225.jpg 300w, https:\/\/jardinsamoena.be\/wp-content\/uploads\/2020\/04\/IMG_2313-768x576.jpg 768w, https:\/\/jardinsamoena.be\/wp-content\/uploads\/2020\/04\/IMG_2313-400x300.jpg 400w, https:\/\/jardinsamoena.be\/wp-content\/uploads\/2020\/04\/IMG_2313.jpg 1440w\" sizes=\"auto, (max-width: 1024px) 100vw, 1024px\" \/><figcaption>Malus &#8216;Prairie Fire&#8217;<\/figcaption><\/figure>\n\n\n\n<figure class=\"wp-block-image\"><img loading=\"lazy\" decoding=\"async\" width=\"1024\" height=\"768\" src=\"https:\/\/jardinsamoena.be\/wp-content\/uploads\/2020\/04\/IMG_2315-1024x768.jpg\" alt=\"\" class=\"wp-image-3043\" srcset=\"https:\/\/jardinsamoena.be\/wp-content\/uploads\/2020\/04\/IMG_2315-1024x768.jpg 1024w, https:\/\/jardinsamoena.be\/wp-content\/uploads\/2020\/04\/IMG_2315-300x225.jpg 300w, https:\/\/jardinsamoena.be\/wp-content\/uploads\/2020\/04\/IMG_2315-768x576.jpg 768w, https:\/\/jardinsamoena.be\/wp-content\/uploads\/2020\/04\/IMG_2315-400x300.jpg 400w, https:\/\/jardinsamoena.be\/wp-content\/uploads\/2020\/04\/IMG_2315.jpg 1440w\" sizes=\"auto, (max-width: 1024px) 100vw, 1024px\" \/><\/figure>\n\n\n\n<figure class=\"wp-block-image\"><img loading=\"lazy\" decoding=\"async\" width=\"768\" height=\"1024\" src=\"https:\/\/jardinsamoena.be\/wp-content\/uploads\/2020\/04\/IMG_2286-768x1024.jpg\" alt=\"\" class=\"wp-image-3044\" srcset=\"https:\/\/jardinsamoena.be\/wp-content\/uploads\/2020\/04\/IMG_2286-768x1024.jpg 768w, https:\/\/jardinsamoena.be\/wp-content\/uploads\/2020\/04\/IMG_2286-225x300.jpg 225w, https:\/\/jardinsamoena.be\/wp-content\/uploads\/2020\/04\/IMG_2286.jpg 810w\" sizes=\"auto, (max-width: 768px) 100vw, 768px\" \/><figcaption><em>Ribes gordonianum<\/em><\/figcaption><\/figure>\n\n\n\n<figure class=\"wp-block-image\"><img loading=\"lazy\" decoding=\"async\" width=\"1024\" height=\"768\" src=\"https:\/\/jardinsamoena.be\/wp-content\/uploads\/2020\/04\/IMG_2307-1024x768.jpg\" alt=\"\" class=\"wp-image-3045\" srcset=\"https:\/\/jardinsamoena.be\/wp-content\/uploads\/2020\/04\/IMG_2307-1024x768.jpg 1024w, https:\/\/jardinsamoena.be\/wp-content\/uploads\/2020\/04\/IMG_2307-300x225.jpg 300w, https:\/\/jardinsamoena.be\/wp-content\/uploads\/2020\/04\/IMG_2307-768x576.jpg 768w, https:\/\/jardinsamoena.be\/wp-content\/uploads\/2020\/04\/IMG_2307-400x300.jpg 400w, https:\/\/jardinsamoena.be\/wp-content\/uploads\/2020\/04\/IMG_2307.jpg 1440w\" sizes=\"auto, (max-width: 1024px) 100vw, 1024px\" \/><\/figure>\n\n\n\n<p>Si je les plante ensemble c&#8217;est pour que le groseillier habille la partie basse du pommier haut sur tige. Excellent cultivar de Malus, sain et facile, qui prolonge l&#8217;int\u00e9r\u00eat par de petites pommes rouge grenat en automne.<\/p>\n\n\n\n<figure class=\"wp-block-image\"><img loading=\"lazy\" decoding=\"async\" width=\"768\" height=\"1024\" src=\"https:\/\/jardinsamoena.be\/wp-content\/uploads\/2020\/04\/IMG_2308-768x1024.jpg\" alt=\"\" class=\"wp-image-3047\" srcset=\"https:\/\/jardinsamoena.be\/wp-content\/uploads\/2020\/04\/IMG_2308-768x1024.jpg 768w, https:\/\/jardinsamoena.be\/wp-content\/uploads\/2020\/04\/IMG_2308-225x300.jpg 225w, https:\/\/jardinsamoena.be\/wp-content\/uploads\/2020\/04\/IMG_2308.jpg 810w\" sizes=\"auto, (max-width: 768px) 100vw, 768px\" \/><\/figure>\n\n\n\n<p>Harmonie parfaite entre le t\u00e9n\u00e9breux, dont le feuillage se rappelle du d\u00e9bourrage bronze, et le lumineux bicolore. Les fleurs du groseillier sont \u00e0 la fois rose et jaune ce qui donne une nuance saumon\u00e9e quand on regarde de loin ou qu&#8217;on a la vue de Gertrude Jekyll. Bien s\u00fbr, \u00e7\u00e0 ne fonctionne que trois semaines mais il y pire au jardin. Rien en vous emp\u00eache de l&#8217;utiliser en fond de haie ou de parterre et planter \u00e0 l&#8217;avant des vivaces qui rappellent l&#8217;association et&#8230;.. je la rappelle \u00e0 ma mani\u00e8re&#8230;<\/p>\n\n\n\n<figure class=\"wp-block-image\"><img loading=\"lazy\" decoding=\"async\" width=\"768\" height=\"1024\" src=\"https:\/\/jardinsamoena.be\/wp-content\/uploads\/2020\/04\/IMG_2309-768x1024.jpg\" alt=\"\" class=\"wp-image-3048\" srcset=\"https:\/\/jardinsamoena.be\/wp-content\/uploads\/2020\/04\/IMG_2309-768x1024.jpg 768w, https:\/\/jardinsamoena.be\/wp-content\/uploads\/2020\/04\/IMG_2309-225x300.jpg 225w, https:\/\/jardinsamoena.be\/wp-content\/uploads\/2020\/04\/IMG_2309.jpg 810w\" sizes=\"auto, (max-width: 768px) 100vw, 768px\" \/><\/figure>\n\n\n\n<p>&#8230; en plantant \u00e0 l&#8217;avant des <em>Clerodendrum bungei<\/em> dont les panicules floraux roses et parfum\u00e9s de fin d&#8217;\u00e9t\u00e9 tiendront compagnie aux fruits du pommier. En somme, j&#8217;ai la m\u00eame association qu&#8217;au printemps, mais avec de nouveaux intervenants. Le cl\u00e9ro drageonne un peu mais je m&#8217;en fiche, que du contraire. Dans cette terre ingrate pr\u00e8s du parking je suis bien trop heureux d&#8217;avoir r\u00e9ussi un mariage dans un lieu bien souvent oubli\u00e9 de son jardin. N&#8217;oubliez pas que c&#8217;est un endroit devant lequel vous passez th\u00e9oriquement chaque jour ! <\/p>\n\n\n\n<figure class=\"wp-block-image\"><img loading=\"lazy\" decoding=\"async\" width=\"768\" height=\"1024\" src=\"https:\/\/jardinsamoena.be\/wp-content\/uploads\/2020\/04\/IMG_2311-768x1024.jpg\" alt=\"\" class=\"wp-image-3046\" srcset=\"https:\/\/jardinsamoena.be\/wp-content\/uploads\/2020\/04\/IMG_2311-768x1024.jpg 768w, https:\/\/jardinsamoena.be\/wp-content\/uploads\/2020\/04\/IMG_2311-225x300.jpg 225w, https:\/\/jardinsamoena.be\/wp-content\/uploads\/2020\/04\/IMG_2311.jpg 810w\" sizes=\"auto, (max-width: 768px) 100vw, 768px\" \/><\/figure>\n\n\n\n<p>A l&#8217;avant, sur une belle longueur de trois m\u00e8tres, on a plant\u00e9 des chrysanth\u00e8mes vivaces &#8216;Po\u00e9sie&#8217;. Ils d\u00e9marrent blanc\/vert, puis blanc pur et enfin vieux rose quand le froid arrive&#8230;. pour le plus grand bonheur de ses deux voisins qu&#8217;ils rejoignent dans la gamme chromatique !<\/p>\n\n\n\n<figure class=\"wp-block-image\"><img loading=\"lazy\" decoding=\"async\" width=\"1024\" height=\"698\" src=\"https:\/\/jardinsamoena.be\/wp-content\/uploads\/2020\/04\/DSC_3061-1024x698.jpg\" alt=\"\" class=\"wp-image-3059\" srcset=\"https:\/\/jardinsamoena.be\/wp-content\/uploads\/2020\/04\/DSC_3061-1024x698.jpg 1024w, https:\/\/jardinsamoena.be\/wp-content\/uploads\/2020\/04\/DSC_3061-300x204.jpg 300w, https:\/\/jardinsamoena.be\/wp-content\/uploads\/2020\/04\/DSC_3061-768x523.jpg 768w, https:\/\/jardinsamoena.be\/wp-content\/uploads\/2020\/04\/DSC_3061-440x300.jpg 440w, https:\/\/jardinsamoena.be\/wp-content\/uploads\/2020\/04\/DSC_3061.jpg 1476w\" sizes=\"auto, (max-width: 1024px) 100vw, 1024px\" \/><\/figure>\n\n\n\n<figure class=\"wp-block-image\"><img loading=\"lazy\" decoding=\"async\" width=\"683\" height=\"1024\" src=\"https:\/\/jardinsamoena.be\/wp-content\/uploads\/2020\/04\/DSC_3058-683x1024.jpg\" alt=\"\" class=\"wp-image-3060\" srcset=\"https:\/\/jardinsamoena.be\/wp-content\/uploads\/2020\/04\/DSC_3058-683x1024.jpg 683w, https:\/\/jardinsamoena.be\/wp-content\/uploads\/2020\/04\/DSC_3058-200x300.jpg 200w, https:\/\/jardinsamoena.be\/wp-content\/uploads\/2020\/04\/DSC_3058.jpg 720w\" sizes=\"auto, (max-width: 683px) 100vw, 683px\" \/><\/figure>\n\n\n\n<figure class=\"wp-block-image\"><img loading=\"lazy\" decoding=\"async\" width=\"512\" height=\"389\" src=\"https:\/\/jardinsamoena.be\/wp-content\/uploads\/2020\/04\/unnamed-2.jpg\" alt=\"\" class=\"wp-image-3058\" srcset=\"https:\/\/jardinsamoena.be\/wp-content\/uploads\/2020\/04\/unnamed-2.jpg 512w, https:\/\/jardinsamoena.be\/wp-content\/uploads\/2020\/04\/unnamed-2-300x228.jpg 300w, https:\/\/jardinsamoena.be\/wp-content\/uploads\/2020\/04\/unnamed-2-395x300.jpg 395w\" sizes=\"auto, (max-width: 512px) 100vw, 512px\" \/><\/figure>\n\n\n\n<p>Tant qu&#8217;on parle de po\u00e9sie, je vous laisse en compagnie de Tao Yuan Ming, l&#8217;un des plus grands po\u00e8tes chinois du 4\u00e8me si\u00e8cle, amoureux du vin et des chrysanth\u00e8mes.<\/p>\n\n\n\n<figure class=\"wp-block-image\"><img loading=\"lazy\" decoding=\"async\" width=\"963\" height=\"893\" src=\"https:\/\/jardinsamoena.be\/wp-content\/uploads\/2020\/04\/taoyuanming-xl-1.jpg\" alt=\"\" class=\"wp-image-3056\" srcset=\"https:\/\/jardinsamoena.be\/wp-content\/uploads\/2020\/04\/taoyuanming-xl-1.jpg 963w, https:\/\/jardinsamoena.be\/wp-content\/uploads\/2020\/04\/taoyuanming-xl-1-300x278.jpg 300w, https:\/\/jardinsamoena.be\/wp-content\/uploads\/2020\/04\/taoyuanming-xl-1-768x712.jpg 768w, https:\/\/jardinsamoena.be\/wp-content\/uploads\/2020\/04\/taoyuanming-xl-1-324x300.jpg 324w\" sizes=\"auto, (max-width: 963px) 100vw, 963px\" \/><\/figure>\n\n\n\n<p><em>cueillant des chrysanth\u00e8mes \u00e0 la haie de l\u2019est,<\/em><\/p>\n\n\n\n<p><em>le c\u0153ur libre j\u2019aper\u00e7ois la montagne du sud<\/em><\/p>\n\n\n\n<p><em>dans les lueurs du cr\u00e9puscule la montagne a fi\u00e8re allure<\/em><\/p>\n\n\n\n<p><em>les oiseaux qui volent ensemble y retournent<\/em><\/p>\n\n\n\n<p><em>dans tout cela r\u00e9side une signification profonde<\/em><\/p>\n\n\n\n<p><em>sur le point de l\u2019exprimer, j\u2019ai d\u00e9j\u00e0 oubli\u00e9 les mots<\/em><\/p>\n","protected":false},"excerpt":{"rendered":"<p>DU NEUF AU JARDIN Et voil\u00e0, on a d\u00e9cid\u00e9 de rouvrir les p\u00e9pini\u00e8res et les jardineries. Vous allez donc pouvoir planter en masse et moi ralentir ma cadence de publication \u00e0 une parution hebdomadaire, sans doute le dimanche, car vous avez du pain sur la planche&#8230; et moi aussi ! D&#8217;ailleurs&#8230; quel b\u00eate titre. Du [&hellip;]<\/p>\n","protected":false},"author":3,"featured_media":3042,"comment_status":"open","ping_status":"closed","sticky":false,"template":"","format":"standard","meta":{"jetpack_post_was_ever_published":false,"_jetpack_newsletter_access":"","_jetpack_dont_email_post_to_subs":false,"_jetpack_newsletter_tier_id":0,"_jetpack_memberships_contains_paywalled_content":false,"_jetpack_memberships_contains_paid_content":false,"footnotes":"","jetpack_publicize_message":"","jetpack_publicize_feature_enabled":true,"jetpack_social_post_already_shared":true,"jetpack_social_options":{"image_generator_settings":{"template":"highway","default_image_id":0,"font":"","enabled":false},"version":2}},"categories":[1],"tags":[],"class_list":["post-3040","post","type-post","status-publish","format-standard","has-post-thumbnail","hentry","category-pour-ne-pas-se-planter"],"jetpack_publicize_connections":[],"jetpack_featured_media_url":"https:\/\/jardinsamoena.be\/wp-content\/uploads\/2020\/04\/IMG_2313.jpg","jetpack_sharing_enabled":true,"jetpack_shortlink":"https:\/\/wp.me\/paOiNJ-N2","_links":{"self":[{"href":"https:\/\/jardinsamoena.be\/index.php\/wp-json\/wp\/v2\/posts\/3040","targetHints":{"allow":["GET"]}}],"collection":[{"href":"https:\/\/jardinsamoena.be\/index.php\/wp-json\/wp\/v2\/posts"}],"about":[{"href":"https:\/\/jardinsamoena.be\/index.php\/wp-json\/wp\/v2\/types\/post"}],"author":[{"embeddable":true,"href":"https:\/\/jardinsamoena.be\/index.php\/wp-json\/wp\/v2\/users\/3"}],"replies":[{"embeddable":true,"href":"https:\/\/jardinsamoena.be\/index.php\/wp-json\/wp\/v2\/comments?post=3040"}],"version-history":[{"count":18,"href":"https:\/\/jardinsamoena.be\/index.php\/wp-json\/wp\/v2\/posts\/3040\/revisions"}],"predecessor-version":[{"id":3071,"href":"https:\/\/jardinsamoena.be\/index.php\/wp-json\/wp\/v2\/posts\/3040\/revisions\/3071"}],"wp:featuredmedia":[{"embeddable":true,"href":"https:\/\/jardinsamoena.be\/index.php\/wp-json\/wp\/v2\/media\/3042"}],"wp:attachment":[{"href":"https:\/\/jardinsamoena.be\/index.php\/wp-json\/wp\/v2\/media?parent=3040"}],"wp:term":[{"taxonomy":"category","embeddable":true,"href":"https:\/\/jardinsamoena.be\/index.php\/wp-json\/wp\/v2\/categories?post=3040"},{"taxonomy":"post_tag","embeddable":true,"href":"https:\/\/jardinsamoena.be\/index.php\/wp-json\/wp\/v2\/tags?post=3040"}],"curies":[{"name":"wp","href":"https:\/\/api.w.org\/{rel}","templated":true}]}}