{"id":5737,"date":"2022-10-30T07:25:18","date_gmt":"2022-10-30T06:25:18","guid":{"rendered":"https:\/\/jardinsamoena.be\/?p=5737"},"modified":"2022-10-30T07:25:18","modified_gmt":"2022-10-30T06:25:18","slug":"chat-chuffit","status":"publish","type":"post","link":"https:\/\/jardinsamoena.be\/index.php\/2022\/10\/30\/chat-chuffit\/","title":{"rendered":"Chat chuffit !"},"content":{"rendered":"\n<p class=\"has-text-color has-large-font-size has-vivid-green-cyan-color\"><strong>CHAT CHUFFIT !<\/strong><\/p>\n\n\n\n<p>Vous vous souvenez dans l&#8217;article de la semaine derni\u00e8re ? Herm\u00e8s et son syndichat ? Mille excuses Herm\u00e8s, j&#8217;ai encore un peu de probl\u00e8mes avec la traduction chat-humain que me donne Google. Ce n&#8217;est pas de son syndichat qu&#8217;il parlait mais de Cindy Cat, vous savez, la chanteuse dans la com\u00e9die musicale. Vous vous rappelez ? Andrew Lloyd Webber&#8230;. Allons&#8230;<\/p>\n\n\n\n<p><em>Memory, all alone in the moonlight<br>I can dream of the old days<br>Life was beautiful then<br>I remember the time I knew what happiness was<br>Let the memory live again<\/em><\/p>\n\n\n\n<p>Herm\u00e8s&#8230;. il a le poster de Cindy Cat dans sa chambre.  Il a lu dans la presse \u00e0 scandales la vie des autres qui s&#8217;\u00e9tale. On y raconte que Cindy veut partir \u00e0 Dubai se refaire les babines. Elle en a marre des com\u00e9dies musicales et il para\u00eet que Disney embauche depuis que Donald est parti (pas le blondinet hein !) mais pour le moment ils ne prennent que des canards \u00e0 l&#8217;exclusion de dindes ou alors &#8216;jusque No\u00ebl seulement&#8217;. Mais je ne sais pas pourquoi. Alors quand Cindy Cat voit les influenceuses sur tiktogram et leur joli minois \u00e0 la Daisy elle se dit que \u00e7\u00e0 pourrait marcher. Pulper, gonfler, pulper, gonfler&#8230;. Elle esp\u00e8re juste que sur le billard ils ne se trompent pas d&#8217;orifice. Surtout que quand on p\u00e8te trop haut, le cul prend la place du cerveau. Et du haut du 152\u00e8me \u00e9tage de la Burj Khalifa, je peux vous dire que \u00e7\u00e0 d\u00e9gage pas mal.<\/p>\n\n\n\n<p>Bon fini les comm\u00e9rages&#8230; passons aux choses s\u00e9rieuses avec encore quelques clich\u00e9s d&#8217;automne, les derniers avant que l&#8217;hiver n&#8217;arrive. Bouhhhhhhhh&#8230;.<\/p>\n\n\n\n<figure class=\"wp-block-image\"><img loading=\"lazy\" decoding=\"async\" width=\"540\" height=\"720\" src=\"https:\/\/jardinsamoena.be\/wp-content\/uploads\/2022\/10\/IMG_0177.jpg\" alt=\"\" class=\"wp-image-5774\" srcset=\"https:\/\/jardinsamoena.be\/wp-content\/uploads\/2022\/10\/IMG_0177.jpg 540w, https:\/\/jardinsamoena.be\/wp-content\/uploads\/2022\/10\/IMG_0177-225x300.jpg 225w\" sizes=\"auto, (max-width: 540px) 100vw, 540px\" \/><figcaption>Les hostas n&#8217;ont pas dit leur dernier mot&#8230;<\/figcaption><\/figure>\n\n\n\n<figure class=\"wp-block-image\"><img loading=\"lazy\" decoding=\"async\" width=\"960\" height=\"720\" src=\"https:\/\/jardinsamoena.be\/wp-content\/uploads\/2022\/10\/IMG_8512.jpg\" alt=\"\" class=\"wp-image-5754\" srcset=\"https:\/\/jardinsamoena.be\/wp-content\/uploads\/2022\/10\/IMG_8512.jpg 960w, https:\/\/jardinsamoena.be\/wp-content\/uploads\/2022\/10\/IMG_8512-300x225.jpg 300w, https:\/\/jardinsamoena.be\/wp-content\/uploads\/2022\/10\/IMG_8512-768x576.jpg 768w, https:\/\/jardinsamoena.be\/wp-content\/uploads\/2022\/10\/IMG_8512-400x300.jpg 400w\" sizes=\"auto, (max-width: 960px) 100vw, 960px\" \/><figcaption>&#8230; ni les Aruncus d&#8217;ailleurs<\/figcaption><\/figure>\n\n\n\n<figure class=\"wp-block-image\"><img loading=\"lazy\" decoding=\"async\" width=\"960\" height=\"720\" src=\"https:\/\/jardinsamoena.be\/wp-content\/uploads\/2022\/10\/IMG_0182.jpg\" alt=\"\" class=\"wp-image-5770\" srcset=\"https:\/\/jardinsamoena.be\/wp-content\/uploads\/2022\/10\/IMG_0182.jpg 960w, https:\/\/jardinsamoena.be\/wp-content\/uploads\/2022\/10\/IMG_0182-300x225.jpg 300w, https:\/\/jardinsamoena.be\/wp-content\/uploads\/2022\/10\/IMG_0182-768x576.jpg 768w, https:\/\/jardinsamoena.be\/wp-content\/uploads\/2022\/10\/IMG_0182-400x300.jpg 400w\" sizes=\"auto, (max-width: 960px) 100vw, 960px\" \/><figcaption>&#8230; et on dit qu&#8217;ils sont un peu banal&#8230; \u00e0 (re)d\u00e9couvrir !<\/figcaption><\/figure>\n\n\n\n<figure class=\"wp-block-image\"><img loading=\"lazy\" decoding=\"async\" width=\"540\" height=\"720\" src=\"https:\/\/jardinsamoena.be\/wp-content\/uploads\/2022\/10\/IMG_0108.jpg\" alt=\"\" class=\"wp-image-5771\" srcset=\"https:\/\/jardinsamoena.be\/wp-content\/uploads\/2022\/10\/IMG_0108.jpg 540w, https:\/\/jardinsamoena.be\/wp-content\/uploads\/2022\/10\/IMG_0108-225x300.jpg 225w\" sizes=\"auto, (max-width: 540px) 100vw, 540px\" \/><figcaption>Les yeux de poup\u00e9e de cire. J&#8217;en envoie chaque ann\u00e9e une paire \u00e0 Stephen King.<\/figcaption><\/figure>\n\n\n\n<figure class=\"wp-block-image\"><img loading=\"lazy\" decoding=\"async\" width=\"540\" height=\"720\" src=\"https:\/\/jardinsamoena.be\/wp-content\/uploads\/2022\/10\/IMG_0162.jpg\" alt=\"\" class=\"wp-image-5775\" srcset=\"https:\/\/jardinsamoena.be\/wp-content\/uploads\/2022\/10\/IMG_0162.jpg 540w, https:\/\/jardinsamoena.be\/wp-content\/uploads\/2022\/10\/IMG_0162-225x300.jpg 225w\" sizes=\"auto, (max-width: 540px) 100vw, 540px\" \/><figcaption>Les asters. Parfois oui, parfois non. Bien choisir. Beaucoup d&#8217;appel\u00e9s, peu d&#8217;\u00e9lus.<\/figcaption><\/figure>\n\n\n\n<figure class=\"wp-block-image\"><img loading=\"lazy\" decoding=\"async\" width=\"960\" height=\"720\" src=\"https:\/\/jardinsamoena.be\/wp-content\/uploads\/2022\/10\/IMG_8513.jpg\" alt=\"\" class=\"wp-image-5755\" srcset=\"https:\/\/jardinsamoena.be\/wp-content\/uploads\/2022\/10\/IMG_8513.jpg 960w, https:\/\/jardinsamoena.be\/wp-content\/uploads\/2022\/10\/IMG_8513-300x225.jpg 300w, https:\/\/jardinsamoena.be\/wp-content\/uploads\/2022\/10\/IMG_8513-768x576.jpg 768w, https:\/\/jardinsamoena.be\/wp-content\/uploads\/2022\/10\/IMG_8513-400x300.jpg 400w\" sizes=\"auto, (max-width: 960px) 100vw, 960px\" \/><figcaption>De jour au coin du feu&#8230;<\/figcaption><\/figure>\n\n\n\n<figure class=\"wp-block-image\"><img loading=\"lazy\" decoding=\"async\" width=\"540\" height=\"720\" src=\"https:\/\/jardinsamoena.be\/wp-content\/uploads\/2022\/10\/IMG_8515.jpg\" alt=\"\" class=\"wp-image-5756\" srcset=\"https:\/\/jardinsamoena.be\/wp-content\/uploads\/2022\/10\/IMG_8515.jpg 540w, https:\/\/jardinsamoena.be\/wp-content\/uploads\/2022\/10\/IMG_8515-225x300.jpg 225w\" sizes=\"auto, (max-width: 540px) 100vw, 540px\" \/><figcaption>De nuit on souffle sur les braises.<\/figcaption><\/figure>\n\n\n\n<figure class=\"wp-block-image\"><img loading=\"lazy\" decoding=\"async\" width=\"960\" height=\"720\" src=\"https:\/\/jardinsamoena.be\/wp-content\/uploads\/2022\/10\/IMG_8557.jpg\" alt=\"\" class=\"wp-image-5761\" srcset=\"https:\/\/jardinsamoena.be\/wp-content\/uploads\/2022\/10\/IMG_8557.jpg 960w, https:\/\/jardinsamoena.be\/wp-content\/uploads\/2022\/10\/IMG_8557-300x225.jpg 300w, https:\/\/jardinsamoena.be\/wp-content\/uploads\/2022\/10\/IMG_8557-768x576.jpg 768w, https:\/\/jardinsamoena.be\/wp-content\/uploads\/2022\/10\/IMG_8557-400x300.jpg 400w\" sizes=\"auto, (max-width: 960px) 100vw, 960px\" \/><figcaption>Une bonne partie de l&#8217;ann\u00e9e l&#8217;Euonymus nain passe plut\u00f4t inaper\u00e7u&#8230;<\/figcaption><\/figure>\n\n\n\n<figure class=\"wp-block-image\"><img loading=\"lazy\" decoding=\"async\" width=\"720\" height=\"540\" src=\"https:\/\/jardinsamoena.be\/wp-content\/uploads\/2022\/10\/IMG_8549-1.jpg\" alt=\"\" class=\"wp-image-5767\" srcset=\"https:\/\/jardinsamoena.be\/wp-content\/uploads\/2022\/10\/IMG_8549-1.jpg 720w, https:\/\/jardinsamoena.be\/wp-content\/uploads\/2022\/10\/IMG_8549-1-300x225.jpg 300w, https:\/\/jardinsamoena.be\/wp-content\/uploads\/2022\/10\/IMG_8549-1-400x300.jpg 400w\" sizes=\"auto, (max-width: 720px) 100vw, 720px\" \/><figcaption>&#8230; mais certaines heures d&#8217;octobre le rendent psych\u00e9d\u00e9lique !<\/figcaption><\/figure>\n\n\n\n<figure class=\"wp-block-image\"><img loading=\"lazy\" decoding=\"async\" width=\"960\" height=\"720\" src=\"https:\/\/jardinsamoena.be\/wp-content\/uploads\/2022\/10\/IMG_0194.jpg\" alt=\"\" class=\"wp-image-5772\" srcset=\"https:\/\/jardinsamoena.be\/wp-content\/uploads\/2022\/10\/IMG_0194.jpg 960w, https:\/\/jardinsamoena.be\/wp-content\/uploads\/2022\/10\/IMG_0194-300x225.jpg 300w, https:\/\/jardinsamoena.be\/wp-content\/uploads\/2022\/10\/IMG_0194-768x576.jpg 768w, https:\/\/jardinsamoena.be\/wp-content\/uploads\/2022\/10\/IMG_0194-400x300.jpg 400w\" sizes=\"auto, (max-width: 960px) 100vw, 960px\" \/><figcaption>Encore un peu de lagestroemias et les miscanthus juste apr\u00e8s la pluie&#8230;.<\/figcaption><\/figure>\n\n\n\n<figure class=\"wp-block-image\"><img loading=\"lazy\" decoding=\"async\" width=\"960\" height=\"720\" src=\"https:\/\/jardinsamoena.be\/wp-content\/uploads\/2022\/10\/IMG_0465.jpg\" alt=\"\" class=\"wp-image-5752\" srcset=\"https:\/\/jardinsamoena.be\/wp-content\/uploads\/2022\/10\/IMG_0465.jpg 960w, https:\/\/jardinsamoena.be\/wp-content\/uploads\/2022\/10\/IMG_0465-300x225.jpg 300w, https:\/\/jardinsamoena.be\/wp-content\/uploads\/2022\/10\/IMG_0465-768x576.jpg 768w, https:\/\/jardinsamoena.be\/wp-content\/uploads\/2022\/10\/IMG_0465-400x300.jpg 400w\" sizes=\"auto, (max-width: 960px) 100vw, 960px\" \/><figcaption>&#8230; mais d\u00e8s que le temps se r\u00e9chauffe&#8230;..<\/figcaption><\/figure>\n\n\n\n<figure class=\"wp-block-image\"><img loading=\"lazy\" decoding=\"async\" width=\"540\" height=\"720\" src=\"https:\/\/jardinsamoena.be\/wp-content\/uploads\/2022\/10\/IMG_8482.jpg\" alt=\"\" class=\"wp-image-5753\" srcset=\"https:\/\/jardinsamoena.be\/wp-content\/uploads\/2022\/10\/IMG_8482.jpg 540w, https:\/\/jardinsamoena.be\/wp-content\/uploads\/2022\/10\/IMG_8482-225x300.jpg 225w\" sizes=\"auto, (max-width: 540px) 100vw, 540px\" \/><figcaption>Confidences.<\/figcaption><\/figure>\n\n\n\n<figure class=\"wp-block-image\"><img loading=\"lazy\" decoding=\"async\" width=\"960\" height=\"720\" src=\"https:\/\/jardinsamoena.be\/wp-content\/uploads\/2022\/10\/IMG_8553.jpg\" alt=\"\" class=\"wp-image-5759\" srcset=\"https:\/\/jardinsamoena.be\/wp-content\/uploads\/2022\/10\/IMG_8553.jpg 960w, https:\/\/jardinsamoena.be\/wp-content\/uploads\/2022\/10\/IMG_8553-300x225.jpg 300w, https:\/\/jardinsamoena.be\/wp-content\/uploads\/2022\/10\/IMG_8553-768x576.jpg 768w, https:\/\/jardinsamoena.be\/wp-content\/uploads\/2022\/10\/IMG_8553-400x300.jpg 400w\" sizes=\"auto, (max-width: 960px) 100vw, 960px\" \/><figcaption>M\u00eame les conif\u00e8res se d\u00e9shabillent gentiment&#8230;<\/figcaption><\/figure>\n\n\n\n<figure class=\"wp-block-image\"><img loading=\"lazy\" decoding=\"async\" width=\"960\" height=\"720\" src=\"https:\/\/jardinsamoena.be\/wp-content\/uploads\/2022\/10\/IMG_0037.jpg\" alt=\"\" class=\"wp-image-5773\" srcset=\"https:\/\/jardinsamoena.be\/wp-content\/uploads\/2022\/10\/IMG_0037.jpg 960w, https:\/\/jardinsamoena.be\/wp-content\/uploads\/2022\/10\/IMG_0037-300x225.jpg 300w, https:\/\/jardinsamoena.be\/wp-content\/uploads\/2022\/10\/IMG_0037-768x576.jpg 768w, https:\/\/jardinsamoena.be\/wp-content\/uploads\/2022\/10\/IMG_0037-400x300.jpg 400w\" sizes=\"auto, (max-width: 960px) 100vw, 960px\" \/><figcaption>&#8230; comme ce pin au dessus de l&#8217;\u00e9tang qui se d\u00e9barrasse d&#8217;aiguilles et devient bicolore.<\/figcaption><\/figure>\n\n\n\n<figure class=\"wp-block-image\"><img loading=\"lazy\" decoding=\"async\" width=\"540\" height=\"720\" src=\"https:\/\/jardinsamoena.be\/wp-content\/uploads\/2022\/10\/IMG_8563.jpg\" alt=\"\" class=\"wp-image-5762\" srcset=\"https:\/\/jardinsamoena.be\/wp-content\/uploads\/2022\/10\/IMG_8563.jpg 540w, https:\/\/jardinsamoena.be\/wp-content\/uploads\/2022\/10\/IMG_8563-225x300.jpg 225w\" sizes=\"auto, (max-width: 540px) 100vw, 540px\" \/><figcaption>Bien choisir son \u00e9rable \u00e0 peau de serpent permet d&#8217;avoir des fruits roses <br>qui d\u00e9goulinent de l&#8217;arbre.<\/figcaption><\/figure>\n\n\n\n<figure class=\"wp-block-image\"><img loading=\"lazy\" decoding=\"async\" width=\"540\" height=\"720\" src=\"https:\/\/jardinsamoena.be\/wp-content\/uploads\/2022\/10\/IMG_8642.jpg\" alt=\"\" class=\"wp-image-5763\" srcset=\"https:\/\/jardinsamoena.be\/wp-content\/uploads\/2022\/10\/IMG_8642.jpg 540w, https:\/\/jardinsamoena.be\/wp-content\/uploads\/2022\/10\/IMG_8642-225x300.jpg 225w\" sizes=\"auto, (max-width: 540px) 100vw, 540px\" \/><figcaption>Ah les Cercis&#8230;. indispensables. Ici &#8216;Ruby Falls&#8217; qu&#8217;on maintient bas en couvre-sol sur la butte.<\/figcaption><\/figure>\n\n\n\n<figure class=\"wp-block-image\"><img loading=\"lazy\" decoding=\"async\" width=\"540\" height=\"720\" src=\"https:\/\/jardinsamoena.be\/wp-content\/uploads\/2022\/10\/IMG_8646.jpg\" alt=\"\" class=\"wp-image-5764\" srcset=\"https:\/\/jardinsamoena.be\/wp-content\/uploads\/2022\/10\/IMG_8646.jpg 540w, https:\/\/jardinsamoena.be\/wp-content\/uploads\/2022\/10\/IMG_8646-225x300.jpg 225w\" sizes=\"auto, (max-width: 540px) 100vw, 540px\" \/><figcaption>Il existe des centaines de vari\u00e9t\u00e9s de kakis. Celui-ci fait des fruits petits <br>en m\u00eame temps que le feuillage se met \u00e0 rougir. Beau contraste.<\/figcaption><\/figure>\n\n\n\n<figure class=\"wp-block-image\"><img loading=\"lazy\" decoding=\"async\" width=\"540\" height=\"720\" src=\"https:\/\/jardinsamoena.be\/wp-content\/uploads\/2022\/10\/IMG_8449.jpg\" alt=\"\" class=\"wp-image-5765\" srcset=\"https:\/\/jardinsamoena.be\/wp-content\/uploads\/2022\/10\/IMG_8449.jpg 540w, https:\/\/jardinsamoena.be\/wp-content\/uploads\/2022\/10\/IMG_8449-225x300.jpg 225w\" sizes=\"auto, (max-width: 540px) 100vw, 540px\" \/><figcaption>Ombre s\u00e8che ? Les liriopes bien s\u00fbr !<\/figcaption><\/figure>\n\n\n\n<figure class=\"wp-block-image\"><img loading=\"lazy\" decoding=\"async\" width=\"960\" height=\"720\" src=\"https:\/\/jardinsamoena.be\/wp-content\/uploads\/2022\/10\/IMG_0440.jpg\" alt=\"\" class=\"wp-image-5751\" srcset=\"https:\/\/jardinsamoena.be\/wp-content\/uploads\/2022\/10\/IMG_0440.jpg 960w, https:\/\/jardinsamoena.be\/wp-content\/uploads\/2022\/10\/IMG_0440-300x225.jpg 300w, https:\/\/jardinsamoena.be\/wp-content\/uploads\/2022\/10\/IMG_0440-768x576.jpg 768w, https:\/\/jardinsamoena.be\/wp-content\/uploads\/2022\/10\/IMG_0440-400x300.jpg 400w\" sizes=\"auto, (max-width: 960px) 100vw, 960px\" \/><figcaption>J&#8217;ai perdu le nom de ce magnifique dahlia. Je sens que je vais le rebaptiser &#8216;Cats&#8217;&#8230;..<\/figcaption><\/figure>\n\n\n\n<figure class=\"wp-block-embed-youtube wp-block-embed is-type-video is-provider-youtube wp-embed-aspect-16-9 wp-has-aspect-ratio\"><div class=\"wp-block-embed__wrapper\">\n<div class=\"jetpack-video-wrapper\"><span class=\"embed-youtube\" style=\"text-align:center; display: block;\"><iframe loading=\"lazy\" class=\"youtube-player\" width=\"723\" height=\"407\" src=\"https:\/\/www.youtube.com\/embed\/8gd_ohoPzYc?version=3&#038;rel=1&#038;showsearch=0&#038;showinfo=1&#038;iv_load_policy=1&#038;fs=1&#038;hl=fr-FR&#038;autohide=2&#038;wmode=transparent\" allowfullscreen=\"true\" style=\"border:0;\" sandbox=\"allow-scripts allow-same-origin allow-popups allow-presentation allow-popups-to-escape-sandbox\"><\/iframe><\/span><\/div>\n<\/div><\/figure>\n","protected":false},"excerpt":{"rendered":"<p>CHAT CHUFFIT ! Vous vous souvenez dans l&#8217;article de la semaine derni\u00e8re ? Herm\u00e8s et son syndichat ? Mille excuses Herm\u00e8s, j&#8217;ai encore un peu de probl\u00e8mes avec la traduction chat-humain que me donne Google. Ce n&#8217;est pas de son syndichat qu&#8217;il parlait mais de Cindy Cat, vous savez, la chanteuse dans la com\u00e9die musicale. [&hellip;]<\/p>\n","protected":false},"author":3,"featured_media":5764,"comment_status":"open","ping_status":"closed","sticky":false,"template":"","format":"standard","meta":{"jetpack_post_was_ever_published":false,"_jetpack_newsletter_access":"","_jetpack_dont_email_post_to_subs":false,"_jetpack_newsletter_tier_id":0,"_jetpack_memberships_contains_paywalled_content":false,"_jetpack_memberships_contains_paid_content":false,"footnotes":"","jetpack_publicize_message":"","jetpack_publicize_feature_enabled":true,"jetpack_social_post_already_shared":true,"jetpack_social_options":{"image_generator_settings":{"template":"highway","default_image_id":0,"font":"","enabled":false},"version":2}},"categories":[11],"tags":[],"class_list":["post-5737","post","type-post","status-publish","format-standard","has-post-thumbnail","hentry","category-blog"],"jetpack_publicize_connections":[],"jetpack_featured_media_url":"https:\/\/jardinsamoena.be\/wp-content\/uploads\/2022\/10\/IMG_8646.jpg","jetpack_sharing_enabled":true,"jetpack_shortlink":"https:\/\/wp.me\/paOiNJ-1ux","_links":{"self":[{"href":"https:\/\/jardinsamoena.be\/index.php\/wp-json\/wp\/v2\/posts\/5737","targetHints":{"allow":["GET"]}}],"collection":[{"href":"https:\/\/jardinsamoena.be\/index.php\/wp-json\/wp\/v2\/posts"}],"about":[{"href":"https:\/\/jardinsamoena.be\/index.php\/wp-json\/wp\/v2\/types\/post"}],"author":[{"embeddable":true,"href":"https:\/\/jardinsamoena.be\/index.php\/wp-json\/wp\/v2\/users\/3"}],"replies":[{"embeddable":true,"href":"https:\/\/jardinsamoena.be\/index.php\/wp-json\/wp\/v2\/comments?post=5737"}],"version-history":[{"count":21,"href":"https:\/\/jardinsamoena.be\/index.php\/wp-json\/wp\/v2\/posts\/5737\/revisions"}],"predecessor-version":[{"id":5793,"href":"https:\/\/jardinsamoena.be\/index.php\/wp-json\/wp\/v2\/posts\/5737\/revisions\/5793"}],"wp:featuredmedia":[{"embeddable":true,"href":"https:\/\/jardinsamoena.be\/index.php\/wp-json\/wp\/v2\/media\/5764"}],"wp:attachment":[{"href":"https:\/\/jardinsamoena.be\/index.php\/wp-json\/wp\/v2\/media?parent=5737"}],"wp:term":[{"taxonomy":"category","embeddable":true,"href":"https:\/\/jardinsamoena.be\/index.php\/wp-json\/wp\/v2\/categories?post=5737"},{"taxonomy":"post_tag","embeddable":true,"href":"https:\/\/jardinsamoena.be\/index.php\/wp-json\/wp\/v2\/tags?post=5737"}],"curies":[{"name":"wp","href":"https:\/\/api.w.org\/{rel}","templated":true}]}}