{"id":900,"date":"2019-06-10T10:08:33","date_gmt":"2019-06-10T08:08:33","guid":{"rendered":"https:\/\/jardinsamoena.be\/?p=900"},"modified":"2019-07-02T10:40:28","modified_gmt":"2019-07-02T08:40:28","slug":"deneuve-ou-binoche-notre-savoir-faire-se-consomme-avec-moderation","status":"publish","type":"post","link":"https:\/\/jardinsamoena.be\/index.php\/2019\/06\/10\/deneuve-ou-binoche-notre-savoir-faire-se-consomme-avec-moderation\/","title":{"rendered":"Deneuve ou Binoche ? Notre savoir-faire se d\u00e9guste avec sagesse"},"content":{"rendered":"\n<p class=\"has-text-color has-large-font-size has-vivid-green-cyan-color\"><b>DENEUVE OU BINOCHE ? NOTRE SAVOIR-FAIRE SE D\u00c9GUSTE AVEC SAGESSE<\/b><\/p>\n\n\n\n<p>\u00cates-vous sensible au nom ronflant des cultivars quand vous achetez des plantes ? Moi, oui. Ce doit \u00eatre mon fond de midinette \u00e0 peine cach\u00e9 qui refait surface. Il faut dire qu\u2019il y en a pour tous les go\u00fbts. <\/p>\n\n\n\n<p>Pour les nostalgiques des Gitanes il y a  les volutes du Geranium &#8216;Havana Blue&#8217;, pour les LGBT le muscl\u00e9 Hosta &#8216;Spartacus&#8217; et pour les fans de science-fiction l&#8217;Hosta &#8216;Capitaine Kirk&#8217;, une bien belle entreprise. M\u00eame les ouvriers en b\u00e2timent ne sont pas oubli\u00e9s. Ceux qui font du ravalement de fa\u00e7ade choisiront le Dahlia \u2018Catherine Deneuve\u2019 et les plombiers pr\u00e9f\u00e9reront l\u2019Heuchera \u2018Binoche\u2019. <\/p>\n\n\n\n<figure class=\"wp-block-image\"><img loading=\"lazy\" decoding=\"async\" width=\"1024\" height=\"768\" src=\"https:\/\/jardinsamoena.be\/wp-content\/uploads\/2019\/06\/IMG_1056-1024x768.jpg\" alt=\"\" class=\"wp-image-907\" srcset=\"https:\/\/jardinsamoena.be\/wp-content\/uploads\/2019\/06\/IMG_1056-1024x768.jpg 1024w, https:\/\/jardinsamoena.be\/wp-content\/uploads\/2019\/06\/IMG_1056-300x225.jpg 300w, https:\/\/jardinsamoena.be\/wp-content\/uploads\/2019\/06\/IMG_1056-768x576.jpg 768w, https:\/\/jardinsamoena.be\/wp-content\/uploads\/2019\/06\/IMG_1056-400x300.jpg 400w, https:\/\/jardinsamoena.be\/wp-content\/uploads\/2019\/06\/IMG_1056.jpg 1440w\" sizes=\"auto, (max-width: 1024px) 100vw, 1024px\" \/><figcaption>l&#8217;indispensable Heuchera &#8216;Binoche&#8217;&#8230; bien belge ! <br>Et Spartacus qui pointe son nez sur la droite&#8230;<\/figcaption><\/figure>\n\n\n\n<figure class=\"wp-block-image\"><img loading=\"lazy\" decoding=\"async\" width=\"768\" height=\"1024\" src=\"https:\/\/jardinsamoena.be\/wp-content\/uploads\/2019\/06\/IMG_1057-768x1024.jpg\" alt=\"\" class=\"wp-image-908\" srcset=\"https:\/\/jardinsamoena.be\/wp-content\/uploads\/2019\/06\/IMG_1057-768x1024.jpg 768w, https:\/\/jardinsamoena.be\/wp-content\/uploads\/2019\/06\/IMG_1057-225x300.jpg 225w, https:\/\/jardinsamoena.be\/wp-content\/uploads\/2019\/06\/IMG_1057.jpg 810w\" sizes=\"auto, (max-width: 768px) 100vw, 768px\" \/><figcaption>Hosta &#8216;Capitaine Kirk&#8217;. Pas belge celui-l\u00e0 auquel cas j&#8217;aurai pr\u00e9f\u00e9r\u00e9 &#8216;Coke en Spock&#8217;<\/figcaption><\/figure>\n\n\n\n<p>Je dois faire une fixette sur l\u2019heure de l\u2019 ap\u00e9ro car apr\u00e8s le tr\u00e8s beau Geum \u2018Mai Tai\u2019, je succombe devant le rosier \u2018Tequila Sunrise\u2019. J\u2019aime surtout les rosiers qui sortent de l\u2019ordinaire. Le rosier rose et le baccara sang de vampire sur fil de barbel\u00e9 font bonne figure dans un mus\u00e9e comme Coloma mais me font b\u00e2iller d\u2019ennui au jardin. Diego, libre dans sa t\u00eate.<\/p>\n\n\n\n<p>\u2018Tequila Sunrise\u2019 ne provoquera sans doute pas l&#8217;\u00e9moi \u00e0 l\u2019entr\u00e9e du green de Knokke-le-Zoute mais fera le bonheur des iconoclastes . La floraison dure tout l\u2019\u00e9t\u00e9, g\u00e9n\u00e9reuse sur un feuillage sein et une vigueur impeccable. Jusque l\u00e0, le minimum syndical pour un rosier du 21\u00e8me si\u00e8cle. Ce qu\u2019il a de fabuleux, c\u2019est sa m\u00e9tamorphose de jour en jour, depuis l\u2019ouverture du bouton jusqu\u2019\u00e0 l\u2019\u00e9panouissement complet et l\u2019\u00e9ventuelle pluie qui en fait un Jef Koons expos\u00e9 \u00e0 Versailles. <\/p>\n\n\n\n<p>M\u00e9tamorphose en photos.<\/p>\n\n\n\n<figure class=\"wp-block-image\"><img loading=\"lazy\" decoding=\"async\" width=\"724\" height=\"1024\" src=\"https:\/\/jardinsamoena.be\/wp-content\/uploads\/2019\/06\/IMG_0959-724x1024.jpg\" alt=\"\" class=\"wp-image-903\" srcset=\"https:\/\/jardinsamoena.be\/wp-content\/uploads\/2019\/06\/IMG_0959-724x1024.jpg 724w, https:\/\/jardinsamoena.be\/wp-content\/uploads\/2019\/06\/IMG_0959-212x300.jpg 212w, https:\/\/jardinsamoena.be\/wp-content\/uploads\/2019\/06\/IMG_0959-768x1087.jpg 768w, https:\/\/jardinsamoena.be\/wp-content\/uploads\/2019\/06\/IMG_0959.jpg 1343w\" sizes=\"auto, (max-width: 724px) 100vw, 724px\" \/><figcaption>En bouton, caramel aux bords br\u00fbl\u00e9s<\/figcaption><\/figure>\n\n\n\n<figure class=\"wp-block-image\"><img loading=\"lazy\" decoding=\"async\" width=\"1024\" height=\"1012\" src=\"https:\/\/jardinsamoena.be\/wp-content\/uploads\/2019\/06\/IMG_0958-1024x1012.jpg\" alt=\"\" class=\"wp-image-904\" srcset=\"https:\/\/jardinsamoena.be\/wp-content\/uploads\/2019\/06\/IMG_0958-1024x1012.jpg 1024w, https:\/\/jardinsamoena.be\/wp-content\/uploads\/2019\/06\/IMG_0958-300x296.jpg 300w, https:\/\/jardinsamoena.be\/wp-content\/uploads\/2019\/06\/IMG_0958-768x759.jpg 768w, https:\/\/jardinsamoena.be\/wp-content\/uploads\/2019\/06\/IMG_0958-60x60.jpg 60w, https:\/\/jardinsamoena.be\/wp-content\/uploads\/2019\/06\/IMG_0958-304x300.jpg 304w, https:\/\/jardinsamoena.be\/wp-content\/uploads\/2019\/06\/IMG_0958.jpg 1923w\" sizes=\"auto, (max-width: 1024px) 100vw, 1024px\" \/><\/figure>\n\n\n\n<figure class=\"wp-block-image\"><img loading=\"lazy\" decoding=\"async\" width=\"1024\" height=\"768\" src=\"https:\/\/jardinsamoena.be\/wp-content\/uploads\/2019\/06\/IMG_0978-1024x768.jpg\" alt=\"\" class=\"wp-image-905\" srcset=\"https:\/\/jardinsamoena.be\/wp-content\/uploads\/2019\/06\/IMG_0978-1024x768.jpg 1024w, https:\/\/jardinsamoena.be\/wp-content\/uploads\/2019\/06\/IMG_0978-300x225.jpg 300w, https:\/\/jardinsamoena.be\/wp-content\/uploads\/2019\/06\/IMG_0978-768x576.jpg 768w, https:\/\/jardinsamoena.be\/wp-content\/uploads\/2019\/06\/IMG_0978-400x300.jpg 400w, https:\/\/jardinsamoena.be\/wp-content\/uploads\/2019\/06\/IMG_0978.jpg 1440w\" sizes=\"auto, (max-width: 1024px) 100vw, 1024px\" \/><figcaption>En s&#8217;ouvrant, jaune orang\u00e9 aux bords qui ont gard\u00e9 un petit souvenir du chalumeau<\/figcaption><\/figure>\n\n\n\n<figure class=\"wp-block-image\"><img loading=\"lazy\" decoding=\"async\" width=\"1024\" height=\"768\" src=\"https:\/\/jardinsamoena.be\/wp-content\/uploads\/2019\/06\/IMG_1047-1024x768.jpg\" alt=\"\" class=\"wp-image-912\" srcset=\"https:\/\/jardinsamoena.be\/wp-content\/uploads\/2019\/06\/IMG_1047-1024x768.jpg 1024w, https:\/\/jardinsamoena.be\/wp-content\/uploads\/2019\/06\/IMG_1047-300x225.jpg 300w, https:\/\/jardinsamoena.be\/wp-content\/uploads\/2019\/06\/IMG_1047-768x576.jpg 768w, https:\/\/jardinsamoena.be\/wp-content\/uploads\/2019\/06\/IMG_1047-400x300.jpg 400w, https:\/\/jardinsamoena.be\/wp-content\/uploads\/2019\/06\/IMG_1047.jpg 1440w\" sizes=\"auto, (max-width: 1024px) 100vw, 1024px\" \/><figcaption>Le cuivre des Carex me semble une \u00e9vidence. Les Crocosmia et Hedychium suivront pour faire la f\u00eate.<\/figcaption><\/figure>\n\n\n\n<figure class=\"wp-block-image\"><img loading=\"lazy\" decoding=\"async\" width=\"1024\" height=\"768\" src=\"https:\/\/jardinsamoena.be\/wp-content\/uploads\/2019\/06\/IMG_1044-1024x768.jpg\" alt=\"\" class=\"wp-image-910\" srcset=\"https:\/\/jardinsamoena.be\/wp-content\/uploads\/2019\/06\/IMG_1044-1024x768.jpg 1024w, https:\/\/jardinsamoena.be\/wp-content\/uploads\/2019\/06\/IMG_1044-300x225.jpg 300w, https:\/\/jardinsamoena.be\/wp-content\/uploads\/2019\/06\/IMG_1044-768x576.jpg 768w, https:\/\/jardinsamoena.be\/wp-content\/uploads\/2019\/06\/IMG_1044-400x300.jpg 400w, https:\/\/jardinsamoena.be\/wp-content\/uploads\/2019\/06\/IMG_1044.jpg 1440w\" sizes=\"auto, (max-width: 1024px) 100vw, 1024px\" \/><figcaption>Si vous ne l&#8217;aimez-pas, vous pouvez toujours en fait des oeufs sur le plat&#8230;<\/figcaption><\/figure>\n\n\n\n<figure class=\"wp-block-image\"><img loading=\"lazy\" decoding=\"async\" width=\"768\" height=\"1024\" src=\"https:\/\/jardinsamoena.be\/wp-content\/uploads\/2019\/06\/IMG_1045-768x1024.jpg\" alt=\"\" class=\"wp-image-917\" srcset=\"https:\/\/jardinsamoena.be\/wp-content\/uploads\/2019\/06\/IMG_1045-768x1024.jpg 768w, https:\/\/jardinsamoena.be\/wp-content\/uploads\/2019\/06\/IMG_1045-225x300.jpg 225w, https:\/\/jardinsamoena.be\/wp-content\/uploads\/2019\/06\/IMG_1045.jpg 810w\" sizes=\"auto, (max-width: 768px) 100vw, 768px\" \/><figcaption>&#8230;ou une \u00eele flottante<\/figcaption><\/figure>\n\n\n\n<figure class=\"wp-block-image\"><img loading=\"lazy\" decoding=\"async\" width=\"768\" height=\"1024\" src=\"https:\/\/jardinsamoena.be\/wp-content\/uploads\/2019\/06\/IMG_1043-768x1024.jpg\" alt=\"\" class=\"wp-image-911\" srcset=\"https:\/\/jardinsamoena.be\/wp-content\/uploads\/2019\/06\/IMG_1043-768x1024.jpg 768w, https:\/\/jardinsamoena.be\/wp-content\/uploads\/2019\/06\/IMG_1043-225x300.jpg 225w, https:\/\/jardinsamoena.be\/wp-content\/uploads\/2019\/06\/IMG_1043.jpg 810w\" sizes=\"auto, (max-width: 768px) 100vw, 768px\" \/><figcaption>Le p&#8217;tit Jef \u00e0 Versailles apr\u00e8s la pluie<\/figcaption><\/figure>\n\n\n\n<figure class=\"wp-block-image\"><img loading=\"lazy\" decoding=\"async\" width=\"768\" height=\"1024\" src=\"https:\/\/jardinsamoena.be\/wp-content\/uploads\/2019\/06\/IMG_1046-1-768x1024.jpg\" alt=\"\" class=\"wp-image-909\" srcset=\"https:\/\/jardinsamoena.be\/wp-content\/uploads\/2019\/06\/IMG_1046-1-768x1024.jpg 768w, https:\/\/jardinsamoena.be\/wp-content\/uploads\/2019\/06\/IMG_1046-1-225x300.jpg 225w\" sizes=\"auto, (max-width: 768px) 100vw, 768px\" \/><figcaption>Un Sysirinchium. Pourquoi pas pour calmer le feu.<\/figcaption><\/figure>\n\n\n\n<figure class=\"wp-block-image\"><img loading=\"lazy\" decoding=\"async\" width=\"768\" height=\"1024\" src=\"https:\/\/jardinsamoena.be\/wp-content\/uploads\/2019\/06\/IMG_1048-768x1024.jpg\" alt=\"\" class=\"wp-image-914\" srcset=\"https:\/\/jardinsamoena.be\/wp-content\/uploads\/2019\/06\/IMG_1048-768x1024.jpg 768w, https:\/\/jardinsamoena.be\/wp-content\/uploads\/2019\/06\/IMG_1048-225x300.jpg 225w, https:\/\/jardinsamoena.be\/wp-content\/uploads\/2019\/06\/IMG_1048.jpg 810w\" sizes=\"auto, (max-width: 768px) 100vw, 768px\" \/><figcaption>Un Dierama rose. Pourquoi pas pour clamer le feu<\/figcaption><\/figure>\n","protected":false},"excerpt":{"rendered":"<p>DENEUVE OU BINOCHE ? NOTRE SAVOIR-FAIRE SE D\u00c9GUSTE AVEC SAGESSE \u00cates-vous sensible au nom ronflant des cultivars quand vous achetez des plantes ? Moi, oui. Ce doit \u00eatre mon fond de midinette \u00e0 peine cach\u00e9 qui refait surface. Il faut dire qu\u2019il y en a pour tous les go\u00fbts. Pour les nostalgiques des Gitanes il [&hellip;]<\/p>\n","protected":false},"author":3,"featured_media":914,"comment_status":"open","ping_status":"closed","sticky":false,"template":"","format":"standard","meta":{"jetpack_post_was_ever_published":false,"_jetpack_newsletter_access":"","_jetpack_dont_email_post_to_subs":false,"_jetpack_newsletter_tier_id":0,"_jetpack_memberships_contains_paywalled_content":false,"_jetpack_memberships_contains_paid_content":false,"footnotes":"","jetpack_publicize_message":"","jetpack_publicize_feature_enabled":true,"jetpack_social_post_already_shared":true,"jetpack_social_options":{"image_generator_settings":{"template":"highway","default_image_id":0,"font":"","enabled":false},"version":2}},"categories":[1],"tags":[],"class_list":["post-900","post","type-post","status-publish","format-standard","has-post-thumbnail","hentry","category-pour-ne-pas-se-planter"],"jetpack_publicize_connections":[],"jetpack_featured_media_url":"https:\/\/jardinsamoena.be\/wp-content\/uploads\/2019\/06\/IMG_1048.jpg","jetpack_sharing_enabled":true,"jetpack_shortlink":"https:\/\/wp.me\/paOiNJ-ew","_links":{"self":[{"href":"https:\/\/jardinsamoena.be\/index.php\/wp-json\/wp\/v2\/posts\/900","targetHints":{"allow":["GET"]}}],"collection":[{"href":"https:\/\/jardinsamoena.be\/index.php\/wp-json\/wp\/v2\/posts"}],"about":[{"href":"https:\/\/jardinsamoena.be\/index.php\/wp-json\/wp\/v2\/types\/post"}],"author":[{"embeddable":true,"href":"https:\/\/jardinsamoena.be\/index.php\/wp-json\/wp\/v2\/users\/3"}],"replies":[{"embeddable":true,"href":"https:\/\/jardinsamoena.be\/index.php\/wp-json\/wp\/v2\/comments?post=900"}],"version-history":[{"count":9,"href":"https:\/\/jardinsamoena.be\/index.php\/wp-json\/wp\/v2\/posts\/900\/revisions"}],"predecessor-version":[{"id":1031,"href":"https:\/\/jardinsamoena.be\/index.php\/wp-json\/wp\/v2\/posts\/900\/revisions\/1031"}],"wp:featuredmedia":[{"embeddable":true,"href":"https:\/\/jardinsamoena.be\/index.php\/wp-json\/wp\/v2\/media\/914"}],"wp:attachment":[{"href":"https:\/\/jardinsamoena.be\/index.php\/wp-json\/wp\/v2\/media?parent=900"}],"wp:term":[{"taxonomy":"category","embeddable":true,"href":"https:\/\/jardinsamoena.be\/index.php\/wp-json\/wp\/v2\/categories?post=900"},{"taxonomy":"post_tag","embeddable":true,"href":"https:\/\/jardinsamoena.be\/index.php\/wp-json\/wp\/v2\/tags?post=900"}],"curies":[{"name":"wp","href":"https:\/\/api.w.org\/{rel}","templated":true}]}}