{"id":961,"date":"2019-06-24T17:25:09","date_gmt":"2019-06-24T15:25:09","guid":{"rendered":"https:\/\/jardinsamoena.be\/?p=961"},"modified":"2019-06-27T13:47:49","modified_gmt":"2019-06-27T11:47:49","slug":"a-la-peche-aux-anges","status":"publish","type":"post","link":"https:\/\/jardinsamoena.be\/index.php\/2019\/06\/24\/a-la-peche-aux-anges\/","title":{"rendered":"A la p\u00eache aux anges"},"content":{"rendered":"\n<p class=\"has-text-color has-large-font-size has-vivid-green-cyan-color\"><strong>A LA P\u00caCHE AUX ANGES<\/strong><\/p>\n\n\n\n<p>Le ciel peut bien attendre et vous feriez mieux de l&#8217;oublier car on vient de p\u00eacher tous les anges qui s&#8217;y trouvaient. Proies faciles il faut dire. C&#8217;est bien connu, les anges sont gentils mais un peu b\u00eates et se laissent facilement prendre au filet. Une certaine chanson les a d&#8217;ailleurs confondus avec des moules. Finalement, ils semblent tr\u00e8s contents de s&#8217;\u00eatre encanaill\u00e9s aupr\u00e8s des d\u00e9mons du jardin car ils m&#8217;ont dit qu&#8217;on s&#8217;ennuie ferme l\u00e0-haut par faute de participants. Un club un peu trop s\u00e9lect. Vous le verrez sur les photos, ils n&#8217;h\u00e9sitent plus \u00e0 se frotter au tison de Satan qui les courtise sur un air des Rolling Stones&#8230;. &#8216;Angie, you&#8217;re beautiful, but ain&#8217;t it time we say goodbye ?&#8217;<\/p>\n\n\n\n<p>Ah non hein, maintenant qu&#8217;on vous a captur\u00e9s, vous restez. Allez zou, un floril\u00e8ge de ces inoubliables &#8216;cannes \u00e0 p\u00eache des anges&#8217; (Dierama) en compagnie d&#8217;autres sud-africains comme les &#8217;tisons de Satan&#8217; (Kniphofia). Voil\u00e0 ce que vous avez rat\u00e9 en ne venant pas samedi dernier aux portes ouvertes. Le jardin est tout simplement magique, tout partout mais je n&#8217;ose pas vous montrer les autres coins en une seule publication car les regrets seraient alors insurmontables.<\/p>\n\n\n\n<figure class=\"wp-block-image\"><img loading=\"lazy\" decoding=\"async\" width=\"1024\" height=\"768\" src=\"https:\/\/jardinsamoena.be\/wp-content\/uploads\/2019\/06\/IMG_1083-1024x768.jpg\" alt=\"\" class=\"wp-image-985\" srcset=\"https:\/\/jardinsamoena.be\/wp-content\/uploads\/2019\/06\/IMG_1083-1024x768.jpg 1024w, https:\/\/jardinsamoena.be\/wp-content\/uploads\/2019\/06\/IMG_1083-300x225.jpg 300w, https:\/\/jardinsamoena.be\/wp-content\/uploads\/2019\/06\/IMG_1083-768x576.jpg 768w, https:\/\/jardinsamoena.be\/wp-content\/uploads\/2019\/06\/IMG_1083-400x300.jpg 400w, https:\/\/jardinsamoena.be\/wp-content\/uploads\/2019\/06\/IMG_1083.jpg 1440w\" sizes=\"auto, (max-width: 1024px) 100vw, 1024px\" \/><figcaption>Un peu loin mais on les devine d\u00e9j\u00e0.<\/figcaption><\/figure>\n\n\n\n<figure class=\"wp-block-image\"><img loading=\"lazy\" decoding=\"async\" width=\"1024\" height=\"768\" src=\"https:\/\/jardinsamoena.be\/wp-content\/uploads\/2019\/06\/IMG_1084-1024x768.jpg\" alt=\"\" class=\"wp-image-984\" srcset=\"https:\/\/jardinsamoena.be\/wp-content\/uploads\/2019\/06\/IMG_1084-1024x768.jpg 1024w, https:\/\/jardinsamoena.be\/wp-content\/uploads\/2019\/06\/IMG_1084-300x225.jpg 300w, https:\/\/jardinsamoena.be\/wp-content\/uploads\/2019\/06\/IMG_1084-768x576.jpg 768w, https:\/\/jardinsamoena.be\/wp-content\/uploads\/2019\/06\/IMG_1084-400x300.jpg 400w, https:\/\/jardinsamoena.be\/wp-content\/uploads\/2019\/06\/IMG_1084.jpg 1440w\" sizes=\"auto, (max-width: 1024px) 100vw, 1024px\" \/><figcaption>Excellent Geranium &#8216;Wildside&#8217; qui fleurit tout l&#8217;\u00e9t\u00e9 au pied d&#8217;un Dierama qui s&#8217;en accommode car leurs racines respectives sont \u00e9loign\u00e9es.<br><\/figcaption><\/figure>\n\n\n\n<p><br><\/p>\n\n\n\n<figure class=\"wp-block-image\"><img loading=\"lazy\" decoding=\"async\" width=\"768\" height=\"1024\" src=\"https:\/\/jardinsamoena.be\/wp-content\/uploads\/2019\/06\/IMG_1085-768x1024.jpg\" alt=\"\" class=\"wp-image-983\" srcset=\"https:\/\/jardinsamoena.be\/wp-content\/uploads\/2019\/06\/IMG_1085-768x1024.jpg 768w, https:\/\/jardinsamoena.be\/wp-content\/uploads\/2019\/06\/IMG_1085-225x300.jpg 225w, https:\/\/jardinsamoena.be\/wp-content\/uploads\/2019\/06\/IMG_1085.jpg 810w\" sizes=\"auto, (max-width: 768px) 100vw, 768px\" \/><figcaption>au fond \u00e0 gauche, tr\u00e8s haut &#8216;Lancelot&#8217;. Les pulcherrimum sont les plus faciles et les plus hauts.<\/figcaption><\/figure>\n\n\n\n<figure class=\"wp-block-image\"><img loading=\"lazy\" decoding=\"async\" width=\"768\" height=\"1024\" src=\"https:\/\/jardinsamoena.be\/wp-content\/uploads\/2019\/06\/IMG_1104-768x1024.jpg\" alt=\"\" class=\"wp-image-966\" srcset=\"https:\/\/jardinsamoena.be\/wp-content\/uploads\/2019\/06\/IMG_1104-768x1024.jpg 768w, https:\/\/jardinsamoena.be\/wp-content\/uploads\/2019\/06\/IMG_1104-225x300.jpg 225w, https:\/\/jardinsamoena.be\/wp-content\/uploads\/2019\/06\/IMG_1104.jpg 810w\" sizes=\"auto, (max-width: 768px) 100vw, 768px\" \/><figcaption>&#8216;Lancelot&#8217;<\/figcaption><\/figure>\n\n\n\n<p>Les Dierama sont des cormes originaires d&#8217;Afrique du Sud qui poussent le long de bords d&#8217;eau avec un sol frais en \u00e9t\u00e9 mais \u00e0 sec en hiver quand le lit de la rivi\u00e8re s&#8217;ass\u00e8che. Vous avez tout compris : sol riche mais bien drain\u00e9 et situation ensoleill\u00e9e. La premi\u00e8re ann\u00e9e peut \u00eatre critique car le corme n&#8217;est pas encore fort d\u00e9velopp\u00e9. N&#8217;h\u00e9sitez pas \u00e0 planter profond. Le gel dans ce cas est ok car en surface et tout va bien s&#8217;il n&#8217;y a pas d&#8217;humidit\u00e9 stagnante en hiver. Le corme s&#8217;enfonce tr\u00e8s profond\u00e9ment avec l&#8217;\u00e2ge. Il est muni de &#8216;crampons&#8217; qui lui permettent de descendre \u00e0 la recherche de l&#8217;eau et de situer la plante au dessous du niveau de concurrence d&#8217;autres racines. Il faut alors une bonne b\u00eache pour retirer une touffe ancienne et diviser. Les graines sont tr\u00e8s nombreuses et la plante se ress\u00e8me tr\u00e8s facilement dans un sol meuble (ici, de la lave o\u00f9 la graine ne pourrit pas en \u00e9t\u00e9).<\/p>\n\n\n\n<figure class=\"wp-block-image\"><img loading=\"lazy\" decoding=\"async\" width=\"1024\" height=\"768\" src=\"https:\/\/jardinsamoena.be\/wp-content\/uploads\/2019\/06\/IMG_1103-1024x768.jpg\" alt=\"\" class=\"wp-image-967\" srcset=\"https:\/\/jardinsamoena.be\/wp-content\/uploads\/2019\/06\/IMG_1103-1024x768.jpg 1024w, https:\/\/jardinsamoena.be\/wp-content\/uploads\/2019\/06\/IMG_1103-300x225.jpg 300w, https:\/\/jardinsamoena.be\/wp-content\/uploads\/2019\/06\/IMG_1103-768x576.jpg 768w, https:\/\/jardinsamoena.be\/wp-content\/uploads\/2019\/06\/IMG_1103-400x300.jpg 400w, https:\/\/jardinsamoena.be\/wp-content\/uploads\/2019\/06\/IMG_1103.jpg 1440w\" sizes=\"auto, (max-width: 1024px) 100vw, 1024px\" \/><figcaption>Semis spontan\u00e9 qui ressemble \u00e0 Lancelot mais au reflet de porcelaine.<\/figcaption><\/figure>\n\n\n\n<figure class=\"wp-block-image\"><img loading=\"lazy\" decoding=\"async\" width=\"768\" height=\"1024\" src=\"https:\/\/jardinsamoena.be\/wp-content\/uploads\/2019\/06\/IMG_1088-768x1024.jpg\" alt=\"\" class=\"wp-image-982\" srcset=\"https:\/\/jardinsamoena.be\/wp-content\/uploads\/2019\/06\/IMG_1088-768x1024.jpg 768w, https:\/\/jardinsamoena.be\/wp-content\/uploads\/2019\/06\/IMG_1088-225x300.jpg 225w, https:\/\/jardinsamoena.be\/wp-content\/uploads\/2019\/06\/IMG_1088.jpg 810w\" sizes=\"auto, (max-width: 768px) 100vw, 768px\" \/><figcaption>Ange ou Satan ?<\/figcaption><\/figure>\n\n\n\n<figure class=\"wp-block-image\"><img loading=\"lazy\" decoding=\"async\" width=\"1024\" height=\"768\" src=\"https:\/\/jardinsamoena.be\/wp-content\/uploads\/2019\/06\/IMG_1101-1024x768.jpg\" alt=\"\" class=\"wp-image-968\" srcset=\"https:\/\/jardinsamoena.be\/wp-content\/uploads\/2019\/06\/IMG_1101-1024x768.jpg 1024w, https:\/\/jardinsamoena.be\/wp-content\/uploads\/2019\/06\/IMG_1101-300x225.jpg 300w, https:\/\/jardinsamoena.be\/wp-content\/uploads\/2019\/06\/IMG_1101-768x576.jpg 768w, https:\/\/jardinsamoena.be\/wp-content\/uploads\/2019\/06\/IMG_1101-400x300.jpg 400w, https:\/\/jardinsamoena.be\/wp-content\/uploads\/2019\/06\/IMG_1101.jpg 1440w\" sizes=\"auto, (max-width: 1024px) 100vw, 1024px\" \/><figcaption>Un semis spontan\u00e9 presque blanc. Merci les abeilles.<\/figcaption><\/figure>\n\n\n\n<figure class=\"wp-block-image\"><img loading=\"lazy\" decoding=\"async\" width=\"768\" height=\"1024\" src=\"https:\/\/jardinsamoena.be\/wp-content\/uploads\/2019\/06\/IMG_1100-768x1024.jpg\" alt=\"\" class=\"wp-image-969\" srcset=\"https:\/\/jardinsamoena.be\/wp-content\/uploads\/2019\/06\/IMG_1100-768x1024.jpg 768w, https:\/\/jardinsamoena.be\/wp-content\/uploads\/2019\/06\/IMG_1100-225x300.jpg 225w, https:\/\/jardinsamoena.be\/wp-content\/uploads\/2019\/06\/IMG_1100.jpg 810w\" sizes=\"auto, (max-width: 768px) 100vw, 768px\" \/><figcaption>&#8216;Snow Bells&#8217;<br><br><\/figcaption><\/figure>\n\n\n\n<figure class=\"wp-block-image\"><img loading=\"lazy\" decoding=\"async\" width=\"768\" height=\"1024\" src=\"https:\/\/jardinsamoena.be\/wp-content\/uploads\/2019\/06\/IMG_1099-768x1024.jpg\" alt=\"\" class=\"wp-image-971\" srcset=\"https:\/\/jardinsamoena.be\/wp-content\/uploads\/2019\/06\/IMG_1099-768x1024.jpg 768w, https:\/\/jardinsamoena.be\/wp-content\/uploads\/2019\/06\/IMG_1099-225x300.jpg 225w, https:\/\/jardinsamoena.be\/wp-content\/uploads\/2019\/06\/IMG_1099.jpg 810w\" sizes=\"auto, (max-width: 768px) 100vw, 768px\" \/><figcaption>&#8216;Painted Lady&#8217; avec la ligne blanche caract\u00e9ristique au revers des p\u00e9tales.<br><br><\/figcaption><\/figure>\n\n\n\n<figure class=\"wp-block-image\"><img loading=\"lazy\" decoding=\"async\" width=\"768\" height=\"1024\" src=\"https:\/\/jardinsamoena.be\/wp-content\/uploads\/2019\/06\/IMG_1098-768x1024.jpg\" alt=\"\" class=\"wp-image-972\" srcset=\"https:\/\/jardinsamoena.be\/wp-content\/uploads\/2019\/06\/IMG_1098-768x1024.jpg 768w, https:\/\/jardinsamoena.be\/wp-content\/uploads\/2019\/06\/IMG_1098-225x300.jpg 225w, https:\/\/jardinsamoena.be\/wp-content\/uploads\/2019\/06\/IMG_1098.jpg 810w\" sizes=\"auto, (max-width: 768px) 100vw, 768px\" \/><figcaption>&#8216;Blue Belle&#8217;<\/figcaption><\/figure>\n\n\n\n<figure class=\"wp-block-image\"><img loading=\"lazy\" decoding=\"async\" width=\"768\" height=\"1024\" src=\"https:\/\/jardinsamoena.be\/wp-content\/uploads\/2019\/06\/IMG_1096-768x1024.jpg\" alt=\"\" class=\"wp-image-973\" srcset=\"https:\/\/jardinsamoena.be\/wp-content\/uploads\/2019\/06\/IMG_1096-768x1024.jpg 768w, https:\/\/jardinsamoena.be\/wp-content\/uploads\/2019\/06\/IMG_1096-225x300.jpg 225w, https:\/\/jardinsamoena.be\/wp-content\/uploads\/2019\/06\/IMG_1096.jpg 810w\" sizes=\"auto, (max-width: 768px) 100vw, 768px\" \/><figcaption>Tr\u00e8s bien au bord d&#8217;un \u00e9tang<\/figcaption><\/figure>\n\n\n\n<figure class=\"wp-block-image\"><img loading=\"lazy\" decoding=\"async\" width=\"1024\" height=\"768\" src=\"https:\/\/jardinsamoena.be\/wp-content\/uploads\/2019\/06\/IMG_1097-1024x768.jpg\" alt=\"\" class=\"wp-image-974\" srcset=\"https:\/\/jardinsamoena.be\/wp-content\/uploads\/2019\/06\/IMG_1097-1024x768.jpg 1024w, https:\/\/jardinsamoena.be\/wp-content\/uploads\/2019\/06\/IMG_1097-300x225.jpg 300w, https:\/\/jardinsamoena.be\/wp-content\/uploads\/2019\/06\/IMG_1097-768x576.jpg 768w, https:\/\/jardinsamoena.be\/wp-content\/uploads\/2019\/06\/IMG_1097-400x300.jpg 400w, https:\/\/jardinsamoena.be\/wp-content\/uploads\/2019\/06\/IMG_1097.jpg 1440w\" sizes=\"auto, (max-width: 1024px) 100vw, 1024px\" \/><figcaption>Tr\u00e8s bien aussi le long d&#8217;un cours d&#8217;eau et dans ce cas le r\u00e9p\u00e9ter \u00e0 distance.<\/figcaption><\/figure>\n\n\n\n<figure class=\"wp-block-image\"><img loading=\"lazy\" decoding=\"async\" width=\"768\" height=\"1024\" src=\"https:\/\/jardinsamoena.be\/wp-content\/uploads\/2019\/06\/IMG_1094-768x1024.jpg\" alt=\"\" class=\"wp-image-975\" srcset=\"https:\/\/jardinsamoena.be\/wp-content\/uploads\/2019\/06\/IMG_1094-768x1024.jpg 768w, https:\/\/jardinsamoena.be\/wp-content\/uploads\/2019\/06\/IMG_1094-225x300.jpg 225w, https:\/\/jardinsamoena.be\/wp-content\/uploads\/2019\/06\/IMG_1094.jpg 810w\" sizes=\"auto, (max-width: 768px) 100vw, 768px\" \/><figcaption>Floraison concomitante avec des Iris louisana si peu connus et tardifs.<br><br><\/figcaption><\/figure>\n\n\n\n<figure class=\"wp-block-image\"><img loading=\"lazy\" decoding=\"async\" width=\"1024\" height=\"768\" src=\"https:\/\/jardinsamoena.be\/wp-content\/uploads\/2019\/06\/IMG_1095-1024x768.jpg\" alt=\"\" class=\"wp-image-976\" srcset=\"https:\/\/jardinsamoena.be\/wp-content\/uploads\/2019\/06\/IMG_1095-1024x768.jpg 1024w, https:\/\/jardinsamoena.be\/wp-content\/uploads\/2019\/06\/IMG_1095-300x225.jpg 300w, https:\/\/jardinsamoena.be\/wp-content\/uploads\/2019\/06\/IMG_1095-768x576.jpg 768w, https:\/\/jardinsamoena.be\/wp-content\/uploads\/2019\/06\/IMG_1095-400x300.jpg 400w, https:\/\/jardinsamoena.be\/wp-content\/uploads\/2019\/06\/IMG_1095.jpg 1440w\" sizes=\"auto, (max-width: 1024px) 100vw, 1024px\" \/><figcaption>Quand la plante est mature, les &#8216;cannes&#8217; se multiplient pour former un carillon.<br><br><\/figcaption><\/figure>\n\n\n\n<figure class=\"wp-block-image\"><img loading=\"lazy\" decoding=\"async\" width=\"1024\" height=\"768\" src=\"https:\/\/jardinsamoena.be\/wp-content\/uploads\/2019\/06\/IMG_1092-1024x768.jpg\" alt=\"\" class=\"wp-image-978\" srcset=\"https:\/\/jardinsamoena.be\/wp-content\/uploads\/2019\/06\/IMG_1092-1024x768.jpg 1024w, https:\/\/jardinsamoena.be\/wp-content\/uploads\/2019\/06\/IMG_1092-300x225.jpg 300w, https:\/\/jardinsamoena.be\/wp-content\/uploads\/2019\/06\/IMG_1092-768x576.jpg 768w, https:\/\/jardinsamoena.be\/wp-content\/uploads\/2019\/06\/IMG_1092-400x300.jpg 400w, https:\/\/jardinsamoena.be\/wp-content\/uploads\/2019\/06\/IMG_1092.jpg 1440w\" sizes=\"auto, (max-width: 1024px) 100vw, 1024px\" \/><figcaption>Ils n&#8217;aiment pas la concurrence dans le jeune \u00e2ge. Privil\u00e9gier des couvre-sol comme des Acaena \u00e0 l&#8217;enracinement peu profond.<\/figcaption><\/figure>\n\n\n\n<figure class=\"wp-block-image\"><img loading=\"lazy\" decoding=\"async\" width=\"1024\" height=\"768\" src=\"https:\/\/jardinsamoena.be\/wp-content\/uploads\/2019\/06\/IMG_1091-1024x768.jpg\" alt=\"\" class=\"wp-image-979\" srcset=\"https:\/\/jardinsamoena.be\/wp-content\/uploads\/2019\/06\/IMG_1091-1024x768.jpg 1024w, https:\/\/jardinsamoena.be\/wp-content\/uploads\/2019\/06\/IMG_1091-300x225.jpg 300w, https:\/\/jardinsamoena.be\/wp-content\/uploads\/2019\/06\/IMG_1091-768x576.jpg 768w, https:\/\/jardinsamoena.be\/wp-content\/uploads\/2019\/06\/IMG_1091-400x300.jpg 400w, https:\/\/jardinsamoena.be\/wp-content\/uploads\/2019\/06\/IMG_1091.jpg 1440w\" sizes=\"auto, (max-width: 1024px) 100vw, 1024px\" \/><figcaption>Sombre &#8216;Dark Cerise&#8217;<br><br><\/figcaption><\/figure>\n\n\n\n<figure class=\"wp-block-image\"><img loading=\"lazy\" decoding=\"async\" width=\"768\" height=\"1024\" src=\"https:\/\/jardinsamoena.be\/wp-content\/uploads\/2019\/06\/IMG_1090-768x1024.jpg\" alt=\"\" class=\"wp-image-980\" srcset=\"https:\/\/jardinsamoena.be\/wp-content\/uploads\/2019\/06\/IMG_1090-768x1024.jpg 768w, https:\/\/jardinsamoena.be\/wp-content\/uploads\/2019\/06\/IMG_1090-225x300.jpg 225w, https:\/\/jardinsamoena.be\/wp-content\/uploads\/2019\/06\/IMG_1090.jpg 810w\" sizes=\"auto, (max-width: 768px) 100vw, 768px\" \/><figcaption>Spontan\u00e9 pulcherrimum&#8230;.<br><\/figcaption><\/figure>\n\n\n\n<figure class=\"wp-block-image\"><img loading=\"lazy\" decoding=\"async\" width=\"1024\" height=\"768\" src=\"https:\/\/jardinsamoena.be\/wp-content\/uploads\/2019\/06\/IMG_1089-1024x768.jpg\" alt=\"\" class=\"wp-image-981\" srcset=\"https:\/\/jardinsamoena.be\/wp-content\/uploads\/2019\/06\/IMG_1089-1024x768.jpg 1024w, https:\/\/jardinsamoena.be\/wp-content\/uploads\/2019\/06\/IMG_1089-300x225.jpg 300w, https:\/\/jardinsamoena.be\/wp-content\/uploads\/2019\/06\/IMG_1089-768x576.jpg 768w, https:\/\/jardinsamoena.be\/wp-content\/uploads\/2019\/06\/IMG_1089-400x300.jpg 400w, https:\/\/jardinsamoena.be\/wp-content\/uploads\/2019\/06\/IMG_1089.jpg 1440w\" sizes=\"auto, (max-width: 1024px) 100vw, 1024px\" \/><figcaption>Trompette ou carillon ?<\/figcaption><\/figure>\n","protected":false},"excerpt":{"rendered":"<p>A LA P\u00caCHE AUX ANGES Le ciel peut bien attendre et vous feriez mieux de l&#8217;oublier car on vient de p\u00eacher tous les anges qui s&#8217;y trouvaient. Proies faciles il faut dire. C&#8217;est bien connu, les anges sont gentils mais un peu b\u00eates et se laissent facilement prendre au filet. Une certaine chanson les a [&hellip;]<\/p>\n","protected":false},"author":3,"featured_media":988,"comment_status":"open","ping_status":"closed","sticky":false,"template":"","format":"standard","meta":{"jetpack_post_was_ever_published":false,"_jetpack_newsletter_access":"","_jetpack_dont_email_post_to_subs":false,"_jetpack_newsletter_tier_id":0,"_jetpack_memberships_contains_paywalled_content":false,"_jetpack_memberships_contains_paid_content":false,"footnotes":"","jetpack_publicize_message":"","jetpack_publicize_feature_enabled":true,"jetpack_social_post_already_shared":true,"jetpack_social_options":{"image_generator_settings":{"template":"highway","default_image_id":0,"font":"","enabled":false},"version":2}},"categories":[1],"tags":[],"class_list":["post-961","post","type-post","status-publish","format-standard","has-post-thumbnail","hentry","category-pour-ne-pas-se-planter"],"jetpack_publicize_connections":[],"jetpack_featured_media_url":"https:\/\/jardinsamoena.be\/wp-content\/uploads\/2019\/06\/IMG_1090-1.jpg","jetpack_sharing_enabled":true,"jetpack_shortlink":"https:\/\/wp.me\/paOiNJ-fv","_links":{"self":[{"href":"https:\/\/jardinsamoena.be\/index.php\/wp-json\/wp\/v2\/posts\/961","targetHints":{"allow":["GET"]}}],"collection":[{"href":"https:\/\/jardinsamoena.be\/index.php\/wp-json\/wp\/v2\/posts"}],"about":[{"href":"https:\/\/jardinsamoena.be\/index.php\/wp-json\/wp\/v2\/types\/post"}],"author":[{"embeddable":true,"href":"https:\/\/jardinsamoena.be\/index.php\/wp-json\/wp\/v2\/users\/3"}],"replies":[{"embeddable":true,"href":"https:\/\/jardinsamoena.be\/index.php\/wp-json\/wp\/v2\/comments?post=961"}],"version-history":[{"count":9,"href":"https:\/\/jardinsamoena.be\/index.php\/wp-json\/wp\/v2\/posts\/961\/revisions"}],"predecessor-version":[{"id":994,"href":"https:\/\/jardinsamoena.be\/index.php\/wp-json\/wp\/v2\/posts\/961\/revisions\/994"}],"wp:featuredmedia":[{"embeddable":true,"href":"https:\/\/jardinsamoena.be\/index.php\/wp-json\/wp\/v2\/media\/988"}],"wp:attachment":[{"href":"https:\/\/jardinsamoena.be\/index.php\/wp-json\/wp\/v2\/media?parent=961"}],"wp:term":[{"taxonomy":"category","embeddable":true,"href":"https:\/\/jardinsamoena.be\/index.php\/wp-json\/wp\/v2\/categories?post=961"},{"taxonomy":"post_tag","embeddable":true,"href":"https:\/\/jardinsamoena.be\/index.php\/wp-json\/wp\/v2\/tags?post=961"}],"curies":[{"name":"wp","href":"https:\/\/api.w.org\/{rel}","templated":true}]}}